{"id":98723,"date":"2023-09-02T20:37:42","date_gmt":"2023-09-03T01:37:42","guid":{"rendered":"https:\/\/futbolhoy.co\/?p=98723"},"modified":"2023-09-03T11:19:49","modified_gmt":"2023-09-03T16:19:49","slug":"santa-fe-le-gano-al-junior-y-se-afianzo-en-los-ocho","status":"publish","type":"post","link":"https:\/\/futbolhoy.co\/index.php\/2023\/09\/02\/santa-fe-le-gano-al-junior-y-se-afianzo-en-los-ocho\/","title":{"rendered":"Santa Fe le gan\u00f3 al Junior  y se afianz\u00f3 en los ocho"},"content":{"rendered":"<p style=\"font-weight: 400; text-align: justify;\"><span style=\"font-family: helvetica, arial, sans-serif;\"><b>Santa Fe volvi\u00f3 al triunfo este s\u00e1bado al vencer 1-0 al Junior <\/b><span style=\"font-weight: 400;\">en el estadio El Camp\u00edn, en el partido correspondiente a la fecha 9 de la Liga Colombiana. <\/span><b>El Le\u00f3n sali\u00f3 beneficiado<\/b><span style=\"font-weight: 400;\"> de un gol en propia puerta que marc\u00f3 el Tibur\u00f3n.<\/span><\/span><\/p>\n<p style=\"font-weight: 400; text-align: justify;\"><span style=\"font-family: helvetica, arial, sans-serif;\"><span style=\"font-weight: 400;\">El equipo de Arturo Reyes cometi\u00f3 un error que le cost\u00f3 tres puntos en esta jornada. <\/span><b>Emanuel Olivera tuvo una noche <\/b><span style=\"font-weight: 400;\">para olvidar al marcar en propia puerta al <\/span><b>minuto 2, <\/b><span style=\"font-weight: 400;\">peor a\u00fan, el jugador complet\u00f3 tres autogoles en esta Liga, lo hizo anteriormente frente a <\/span><b>Am\u00e9rica de Cali y ante C\u00facuta <\/b><span style=\"font-weight: 400;\">Deportivo en la Copa Colombia.<\/span><\/span><\/p>\n<p style=\"font-weight: 400; text-align: justify;\"><span style=\"font-family: helvetica, arial, sans-serif;\"><span style=\"font-weight: 400;\">Santa Fe ven\u00eda de perder en la pasada jornada frente al <\/span><b>Am\u00e9rica de Cali<\/b><span style=\"font-weight: 400;\">, pero levant\u00f3 cabeza ante un Junior necesitado por meterse a los ocho y con un nuevo cuerpo t\u00e9cnico que espera mejorar el mal inicio de semestre que tuvo el equipo barranquillero.\u00a0<\/span><\/span><\/p>\n<p style=\"font-weight: 400; text-align: justify;\"><span style=\"font-family: helvetica, arial, sans-serif;\"><span style=\"font-weight: 400;\">Los bogotanos ahora se afianzan dentro de los ochos primeros, ubic\u00e1ndose en la quinta casilla con 14 unidades y a <\/span><b>dos del l\u00edder Medell\u00edn<\/b><span style=\"font-weight: 400;\">. <\/span><b>Junior<\/b><span style=\"font-weight: 400;\">, entre tanto, se mantiene fuera de los ocho, est\u00e1 en la posici\u00f3n 12 con 10 puntos.\u00a0<\/span><\/span><\/p>\n<p style=\"font-weight: 400; text-align: justify;\"><span style=\"font-family: helvetica, arial, sans-serif;\"><span style=\"font-weight: 400;\">Santa Fe preparar\u00e1 ahora el duelo ante <\/span><b>Deportivo Cali <\/b><span style=\"font-weight: 400;\">del pr\u00f3ximo mi\u00e9rcoles, en el juego pendiente v\u00e1lido por la fecha 2 del campeonato, mientras que Junior tendr\u00e1 un descanso mayor pues su pr\u00f3ximo rival ser\u00e1 <\/span><b>Uni\u00f3n Magdalena<\/b><span style=\"font-weight: 400;\"> en la fecha 10 el pr\u00f3ximo <\/span><b>s\u00e1bado 9 de septiembre.\u00a0<\/b><\/span><\/p>\n","protected":false},"excerpt":{"rendered":"<p>Santa Fe volvi\u00f3 al triunfo este s\u00e1bado al vencer 1-0 al Junior en el estadio El Camp\u00edn, en el partido correspondiente a la fecha 9 de la Liga Colombiana. El Le\u00f3n sali\u00f3 beneficiado de un gol en propia puerta que marc\u00f3 el Tibur\u00f3n. El equipo de Arturo Reyes cometi\u00f3 un error que le cost\u00f3 tres [&hellip;]<\/p>\n","protected":false},"author":4,"featured_media":98724,"comment_status":"open","ping_status":"open","sticky":false,"template":"","format":"standard","meta":{"_acf_changed":false,"footnotes":""},"categories":[7],"tags":[],"class_list":{"0":"post-98723","1":"post","2":"type-post","3":"status-publish","4":"format-standard","5":"has-post-thumbnail","7":"category-liga-betplay"},"acf":[],"yoast_head":"<!-- This site is optimized with the Yoast SEO plugin v26.8 - https:\/\/yoast.com\/product\/yoast-seo-wordpress\/ -->\n<title>Santa Fe le gan\u00f3 al Junior y se afianz\u00f3 en los ocho -<\/title>\n<meta name=\"robots\" content=\"index, follow, max-snippet:-1, max-image-preview:large, max-video-preview:-1\" \/>\n<link rel=\"canonical\" href=\"https:\/\/futbolhoy.co\/index.php\/2023\/09\/02\/santa-fe-le-gano-al-junior-y-se-afianzo-en-los-ocho\/\" \/>\n<meta property=\"og:locale\" content=\"es_ES\" \/>\n<meta property=\"og:type\" content=\"article\" \/>\n<meta property=\"og:title\" content=\"Santa Fe le gan\u00f3 al Junior y se afianz\u00f3 en los ocho -\" \/>\n<meta property=\"og:description\" content=\"Santa Fe volvi\u00f3 al triunfo este s\u00e1bado al vencer 1-0 al Junior en el estadio El Camp\u00edn, en el partido correspondiente a la fecha 9 de la Liga Colombiana. El Le\u00f3n sali\u00f3 beneficiado de un gol en propia puerta que marc\u00f3 el Tibur\u00f3n. El equipo de Arturo Reyes cometi\u00f3 un error que le cost\u00f3 tres [&hellip;]\" \/>\n<meta property=\"og:url\" content=\"https:\/\/futbolhoy.co\/index.php\/2023\/09\/02\/santa-fe-le-gano-al-junior-y-se-afianzo-en-los-ocho\/\" \/>\n<meta property=\"article:publisher\" content=\"https:\/\/www.facebook.com\/FutbolHoyCol\/\" \/>\n<meta property=\"article:published_time\" content=\"2023-09-03T01:37:42+00:00\" \/>\n<meta property=\"article:modified_time\" content=\"2023-09-03T16:19:49+00:00\" \/>\n<meta property=\"og:image\" content=\"https:\/\/futbolhoy.co\/wp-content\/uploads\/2023\/09\/IMG_6734.jpeg\" \/>\n\t<meta property=\"og:image:width\" content=\"673\" \/>\n\t<meta property=\"og:image:height\" content=\"411\" \/>\n\t<meta property=\"og:image:type\" content=\"image\/jpeg\" \/>\n<meta name=\"author\" content=\"contenido\" \/>\n<meta name=\"twitter:card\" content=\"summary_large_image\" \/>\n<meta name=\"twitter:creator\" content=\"@FutbolHoyCol\" \/>\n<meta name=\"twitter:site\" content=\"@FutbolHoyCol\" \/>\n<meta name=\"twitter:label1\" content=\"Escrito por\" \/>\n\t<meta name=\"twitter:data1\" content=\"contenido\" \/>\n\t<meta name=\"twitter:label2\" content=\"Tiempo de lectura\" \/>\n\t<meta name=\"twitter:data2\" content=\"1 minuto\" \/>\n<script type=\"application\/ld+json\" class=\"yoast-schema-graph\">{\"@context\":\"https:\/\/schema.org\",\"@graph\":[{\"@type\":\"Article\",\"@id\":\"https:\/\/futbolhoy.co\/index.php\/2023\/09\/02\/santa-fe-le-gano-al-junior-y-se-afianzo-en-los-ocho\/#article\",\"isPartOf\":{\"@id\":\"https:\/\/futbolhoy.co\/index.php\/2023\/09\/02\/santa-fe-le-gano-al-junior-y-se-afianzo-en-los-ocho\/\"},\"author\":{\"name\":\"contenido\",\"@id\":\"https:\/\/futbolhoy.co\/#\/schema\/person\/1721b69355b6623eaff15ac7b92d4cc3\"},\"headline\":\"Santa Fe le gan\u00f3 al Junior y se afianz\u00f3 en los ocho\",\"datePublished\":\"2023-09-03T01:37:42+00:00\",\"dateModified\":\"2023-09-03T16:19:49+00:00\",\"mainEntityOfPage\":{\"@id\":\"https:\/\/futbolhoy.co\/index.php\/2023\/09\/02\/santa-fe-le-gano-al-junior-y-se-afianzo-en-los-ocho\/\"},\"wordCount\":258,\"commentCount\":0,\"publisher\":{\"@id\":\"https:\/\/futbolhoy.co\/#organization\"},\"image\":{\"@id\":\"https:\/\/futbolhoy.co\/index.php\/2023\/09\/02\/santa-fe-le-gano-al-junior-y-se-afianzo-en-los-ocho\/#primaryimage\"},\"thumbnailUrl\":\"https:\/\/futbolhoy.co\/wp-content\/uploads\/2023\/09\/IMG_6734.jpeg\",\"articleSection\":[\"Liga BetPlay\"],\"inLanguage\":\"es\",\"potentialAction\":[{\"@type\":\"CommentAction\",\"name\":\"Comment\",\"target\":[\"https:\/\/futbolhoy.co\/index.php\/2023\/09\/02\/santa-fe-le-gano-al-junior-y-se-afianzo-en-los-ocho\/#respond\"]}]},{\"@type\":\"WebPage\",\"@id\":\"https:\/\/futbolhoy.co\/index.php\/2023\/09\/02\/santa-fe-le-gano-al-junior-y-se-afianzo-en-los-ocho\/\",\"url\":\"https:\/\/futbolhoy.co\/index.php\/2023\/09\/02\/santa-fe-le-gano-al-junior-y-se-afianzo-en-los-ocho\/\",\"name\":\"Santa Fe le gan\u00f3 al Junior y se afianz\u00f3 en los ocho -\",\"isPartOf\":{\"@id\":\"https:\/\/futbolhoy.co\/#website\"},\"primaryImageOfPage\":{\"@id\":\"https:\/\/futbolhoy.co\/index.php\/2023\/09\/02\/santa-fe-le-gano-al-junior-y-se-afianzo-en-los-ocho\/#primaryimage\"},\"image\":{\"@id\":\"https:\/\/futbolhoy.co\/index.php\/2023\/09\/02\/santa-fe-le-gano-al-junior-y-se-afianzo-en-los-ocho\/#primaryimage\"},\"thumbnailUrl\":\"https:\/\/futbolhoy.co\/wp-content\/uploads\/2023\/09\/IMG_6734.jpeg\",\"datePublished\":\"2023-09-03T01:37:42+00:00\",\"dateModified\":\"2023-09-03T16:19:49+00:00\",\"breadcrumb\":{\"@id\":\"https:\/\/futbolhoy.co\/index.php\/2023\/09\/02\/santa-fe-le-gano-al-junior-y-se-afianzo-en-los-ocho\/#breadcrumb\"},\"inLanguage\":\"es\",\"potentialAction\":[{\"@type\":\"ReadAction\",\"target\":[\"https:\/\/futbolhoy.co\/index.php\/2023\/09\/02\/santa-fe-le-gano-al-junior-y-se-afianzo-en-los-ocho\/\"]}]},{\"@type\":\"ImageObject\",\"inLanguage\":\"es\",\"@id\":\"https:\/\/futbolhoy.co\/index.php\/2023\/09\/02\/santa-fe-le-gano-al-junior-y-se-afianzo-en-los-ocho\/#primaryimage\",\"url\":\"https:\/\/futbolhoy.co\/wp-content\/uploads\/2023\/09\/IMG_6734.jpeg\",\"contentUrl\":\"https:\/\/futbolhoy.co\/wp-content\/uploads\/2023\/09\/IMG_6734.jpeg\",\"width\":673,\"height\":411},{\"@type\":\"BreadcrumbList\",\"@id\":\"https:\/\/futbolhoy.co\/index.php\/2023\/09\/02\/santa-fe-le-gano-al-junior-y-se-afianzo-en-los-ocho\/#breadcrumb\",\"itemListElement\":[{\"@type\":\"ListItem\",\"position\":1,\"name\":\"Portada\",\"item\":\"https:\/\/futbolhoy.co\/\"},{\"@type\":\"ListItem\",\"position\":2,\"name\":\"Santa Fe le gan\u00f3 al Junior y se afianz\u00f3 en los ocho\"}]},{\"@type\":\"WebSite\",\"@id\":\"https:\/\/futbolhoy.co\/#website\",\"url\":\"https:\/\/futbolhoy.co\/\",\"name\":\"FutbolHoy\",\"description\":\"\",\"publisher\":{\"@id\":\"https:\/\/futbolhoy.co\/#organization\"},\"potentialAction\":[{\"@type\":\"SearchAction\",\"target\":{\"@type\":\"EntryPoint\",\"urlTemplate\":\"https:\/\/futbolhoy.co\/?s={search_term_string}\"},\"query-input\":{\"@type\":\"PropertyValueSpecification\",\"valueRequired\":true,\"valueName\":\"search_term_string\"}}],\"inLanguage\":\"es\"},{\"@type\":\"Organization\",\"@id\":\"https:\/\/futbolhoy.co\/#organization\",\"name\":\"Futbolhoy.co\",\"url\":\"https:\/\/futbolhoy.co\/\",\"logo\":{\"@type\":\"ImageObject\",\"inLanguage\":\"es\",\"@id\":\"https:\/\/futbolhoy.co\/#\/schema\/logo\/image\/\",\"url\":\"https:\/\/futbolhoy.co\/wp-content\/uploads\/2018\/08\/17426380_1906371736249227_6326180412931521141_n.jpg\",\"contentUrl\":\"https:\/\/futbolhoy.co\/wp-content\/uploads\/2018\/08\/17426380_1906371736249227_6326180412931521141_n.jpg\",\"width\":960,\"height\":960,\"caption\":\"Futbolhoy.co\"},\"image\":{\"@id\":\"https:\/\/futbolhoy.co\/#\/schema\/logo\/image\/\"},\"sameAs\":[\"https:\/\/www.facebook.com\/FutbolHoyCol\/\",\"https:\/\/x.com\/FutbolHoyCol\",\"https:\/\/www.instagram.com\/futbolhoycol\/\"]},{\"@type\":\"Person\",\"@id\":\"https:\/\/futbolhoy.co\/#\/schema\/person\/1721b69355b6623eaff15ac7b92d4cc3\",\"name\":\"contenido\",\"image\":{\"@type\":\"ImageObject\",\"inLanguage\":\"es\",\"@id\":\"https:\/\/futbolhoy.co\/#\/schema\/person\/image\/\",\"url\":\"https:\/\/secure.gravatar.com\/avatar\/4f656d3256f5134f466206e7c3941518?s=96&d=mm&r=g\",\"contentUrl\":\"https:\/\/secure.gravatar.com\/avatar\/4f656d3256f5134f466206e7c3941518?s=96&d=mm&r=g\",\"caption\":\"contenido\"}}]}<\/script>\n<!-- \/ Yoast SEO plugin. -->","yoast_head_json":{"title":"Santa Fe le gan\u00f3 al Junior y se afianz\u00f3 en los ocho -","robots":{"index":"index","follow":"follow","max-snippet":"max-snippet:-1","max-image-preview":"max-image-preview:large","max-video-preview":"max-video-preview:-1"},"canonical":"https:\/\/futbolhoy.co\/index.php\/2023\/09\/02\/santa-fe-le-gano-al-junior-y-se-afianzo-en-los-ocho\/","og_locale":"es_ES","og_type":"article","og_title":"Santa Fe le gan\u00f3 al Junior y se afianz\u00f3 en los ocho -","og_description":"Santa Fe volvi\u00f3 al triunfo este s\u00e1bado al vencer 1-0 al Junior en el estadio El Camp\u00edn, en el partido correspondiente a la fecha 9 de la Liga Colombiana. El Le\u00f3n sali\u00f3 beneficiado de un gol en propia puerta que marc\u00f3 el Tibur\u00f3n. El equipo de Arturo Reyes cometi\u00f3 un error que le cost\u00f3 tres [&hellip;]","og_url":"https:\/\/futbolhoy.co\/index.php\/2023\/09\/02\/santa-fe-le-gano-al-junior-y-se-afianzo-en-los-ocho\/","article_publisher":"https:\/\/www.facebook.com\/FutbolHoyCol\/","article_published_time":"2023-09-03T01:37:42+00:00","article_modified_time":"2023-09-03T16:19:49+00:00","og_image":[{"width":673,"height":411,"url":"https:\/\/futbolhoy.co\/wp-content\/uploads\/2023\/09\/IMG_6734.jpeg","type":"image\/jpeg"}],"author":"contenido","twitter_card":"summary_large_image","twitter_creator":"@FutbolHoyCol","twitter_site":"@FutbolHoyCol","twitter_misc":{"Escrito por":"contenido","Tiempo de lectura":"1 minuto"},"schema":{"@context":"https:\/\/schema.org","@graph":[{"@type":"Article","@id":"https:\/\/futbolhoy.co\/index.php\/2023\/09\/02\/santa-fe-le-gano-al-junior-y-se-afianzo-en-los-ocho\/#article","isPartOf":{"@id":"https:\/\/futbolhoy.co\/index.php\/2023\/09\/02\/santa-fe-le-gano-al-junior-y-se-afianzo-en-los-ocho\/"},"author":{"name":"contenido","@id":"https:\/\/futbolhoy.co\/#\/schema\/person\/1721b69355b6623eaff15ac7b92d4cc3"},"headline":"Santa Fe le gan\u00f3 al Junior y se afianz\u00f3 en los ocho","datePublished":"2023-09-03T01:37:42+00:00","dateModified":"2023-09-03T16:19:49+00:00","mainEntityOfPage":{"@id":"https:\/\/futbolhoy.co\/index.php\/2023\/09\/02\/santa-fe-le-gano-al-junior-y-se-afianzo-en-los-ocho\/"},"wordCount":258,"commentCount":0,"publisher":{"@id":"https:\/\/futbolhoy.co\/#organization"},"image":{"@id":"https:\/\/futbolhoy.co\/index.php\/2023\/09\/02\/santa-fe-le-gano-al-junior-y-se-afianzo-en-los-ocho\/#primaryimage"},"thumbnailUrl":"https:\/\/futbolhoy.co\/wp-content\/uploads\/2023\/09\/IMG_6734.jpeg","articleSection":["Liga BetPlay"],"inLanguage":"es","potentialAction":[{"@type":"CommentAction","name":"Comment","target":["https:\/\/futbolhoy.co\/index.php\/2023\/09\/02\/santa-fe-le-gano-al-junior-y-se-afianzo-en-los-ocho\/#respond"]}]},{"@type":"WebPage","@id":"https:\/\/futbolhoy.co\/index.php\/2023\/09\/02\/santa-fe-le-gano-al-junior-y-se-afianzo-en-los-ocho\/","url":"https:\/\/futbolhoy.co\/index.php\/2023\/09\/02\/santa-fe-le-gano-al-junior-y-se-afianzo-en-los-ocho\/","name":"Santa Fe le gan\u00f3 al Junior y se afianz\u00f3 en los ocho -","isPartOf":{"@id":"https:\/\/futbolhoy.co\/#website"},"primaryImageOfPage":{"@id":"https:\/\/futbolhoy.co\/index.php\/2023\/09\/02\/santa-fe-le-gano-al-junior-y-se-afianzo-en-los-ocho\/#primaryimage"},"image":{"@id":"https:\/\/futbolhoy.co\/index.php\/2023\/09\/02\/santa-fe-le-gano-al-junior-y-se-afianzo-en-los-ocho\/#primaryimage"},"thumbnailUrl":"https:\/\/futbolhoy.co\/wp-content\/uploads\/2023\/09\/IMG_6734.jpeg","datePublished":"2023-09-03T01:37:42+00:00","dateModified":"2023-09-03T16:19:49+00:00","breadcrumb":{"@id":"https:\/\/futbolhoy.co\/index.php\/2023\/09\/02\/santa-fe-le-gano-al-junior-y-se-afianzo-en-los-ocho\/#breadcrumb"},"inLanguage":"es","potentialAction":[{"@type":"ReadAction","target":["https:\/\/futbolhoy.co\/index.php\/2023\/09\/02\/santa-fe-le-gano-al-junior-y-se-afianzo-en-los-ocho\/"]}]},{"@type":"ImageObject","inLanguage":"es","@id":"https:\/\/futbolhoy.co\/index.php\/2023\/09\/02\/santa-fe-le-gano-al-junior-y-se-afianzo-en-los-ocho\/#primaryimage","url":"https:\/\/futbolhoy.co\/wp-content\/uploads\/2023\/09\/IMG_6734.jpeg","contentUrl":"https:\/\/futbolhoy.co\/wp-content\/uploads\/2023\/09\/IMG_6734.jpeg","width":673,"height":411},{"@type":"BreadcrumbList","@id":"https:\/\/futbolhoy.co\/index.php\/2023\/09\/02\/santa-fe-le-gano-al-junior-y-se-afianzo-en-los-ocho\/#breadcrumb","itemListElement":[{"@type":"ListItem","position":1,"name":"Portada","item":"https:\/\/futbolhoy.co\/"},{"@type":"ListItem","position":2,"name":"Santa Fe le gan\u00f3 al Junior y se afianz\u00f3 en los ocho"}]},{"@type":"WebSite","@id":"https:\/\/futbolhoy.co\/#website","url":"https:\/\/futbolhoy.co\/","name":"FutbolHoy","description":"","publisher":{"@id":"https:\/\/futbolhoy.co\/#organization"},"potentialAction":[{"@type":"SearchAction","target":{"@type":"EntryPoint","urlTemplate":"https:\/\/futbolhoy.co\/?s={search_term_string}"},"query-input":{"@type":"PropertyValueSpecification","valueRequired":true,"valueName":"search_term_string"}}],"inLanguage":"es"},{"@type":"Organization","@id":"https:\/\/futbolhoy.co\/#organization","name":"Futbolhoy.co","url":"https:\/\/futbolhoy.co\/","logo":{"@type":"ImageObject","inLanguage":"es","@id":"https:\/\/futbolhoy.co\/#\/schema\/logo\/image\/","url":"https:\/\/futbolhoy.co\/wp-content\/uploads\/2018\/08\/17426380_1906371736249227_6326180412931521141_n.jpg","contentUrl":"https:\/\/futbolhoy.co\/wp-content\/uploads\/2018\/08\/17426380_1906371736249227_6326180412931521141_n.jpg","width":960,"height":960,"caption":"Futbolhoy.co"},"image":{"@id":"https:\/\/futbolhoy.co\/#\/schema\/logo\/image\/"},"sameAs":["https:\/\/www.facebook.com\/FutbolHoyCol\/","https:\/\/x.com\/FutbolHoyCol","https:\/\/www.instagram.com\/futbolhoycol\/"]},{"@type":"Person","@id":"https:\/\/futbolhoy.co\/#\/schema\/person\/1721b69355b6623eaff15ac7b92d4cc3","name":"contenido","image":{"@type":"ImageObject","inLanguage":"es","@id":"https:\/\/futbolhoy.co\/#\/schema\/person\/image\/","url":"https:\/\/secure.gravatar.com\/avatar\/4f656d3256f5134f466206e7c3941518?s=96&d=mm&r=g","contentUrl":"https:\/\/secure.gravatar.com\/avatar\/4f656d3256f5134f466206e7c3941518?s=96&d=mm&r=g","caption":"contenido"}}]}},"publishpress_future_action":{"enabled":false,"date":"2026-05-05 09:33:53","action":"change-status","newStatus":"draft","terms":[],"taxonomy":"category","extraData":[]},"publishpress_future_workflow_manual_trigger":{"enabledWorkflows":[]},"_links":{"self":[{"href":"https:\/\/futbolhoy.co\/index.php\/wp-json\/wp\/v2\/posts\/98723","targetHints":{"allow":["GET"]}}],"collection":[{"href":"https:\/\/futbolhoy.co\/index.php\/wp-json\/wp\/v2\/posts"}],"about":[{"href":"https:\/\/futbolhoy.co\/index.php\/wp-json\/wp\/v2\/types\/post"}],"author":[{"embeddable":true,"href":"https:\/\/futbolhoy.co\/index.php\/wp-json\/wp\/v2\/users\/4"}],"replies":[{"embeddable":true,"href":"https:\/\/futbolhoy.co\/index.php\/wp-json\/wp\/v2\/comments?post=98723"}],"version-history":[{"count":1,"href":"https:\/\/futbolhoy.co\/index.php\/wp-json\/wp\/v2\/posts\/98723\/revisions"}],"predecessor-version":[{"id":98725,"href":"https:\/\/futbolhoy.co\/index.php\/wp-json\/wp\/v2\/posts\/98723\/revisions\/98725"}],"wp:featuredmedia":[{"embeddable":true,"href":"https:\/\/futbolhoy.co\/index.php\/wp-json\/wp\/v2\/media\/98724"}],"wp:attachment":[{"href":"https:\/\/futbolhoy.co\/index.php\/wp-json\/wp\/v2\/media?parent=98723"}],"wp:term":[{"taxonomy":"category","embeddable":true,"href":"https:\/\/futbolhoy.co\/index.php\/wp-json\/wp\/v2\/categories?post=98723"},{"taxonomy":"post_tag","embeddable":true,"href":"https:\/\/futbolhoy.co\/index.php\/wp-json\/wp\/v2\/tags?post=98723"}],"curies":[{"name":"wp","href":"https:\/\/api.w.org\/{rel}","templated":true}]}}