{"id":9876,"date":"2017-11-17T20:07:18","date_gmt":"2017-11-18T01:07:18","guid":{"rendered":"http:\/\/futbolhoy.co\/?p=9876"},"modified":"2018-07-02T11:37:48","modified_gmt":"2018-07-02T16:37:48","slug":"falcao-reaparecio-en-empate-de-monaco-en-francia","status":"publish","type":"post","link":"https:\/\/futbolhoy.co\/index.php\/2017\/11\/17\/falcao-reaparecio-en-empate-de-monaco-en-francia\/","title":{"rendered":"Falcao reapareci\u00f3 en empate de M\u00f3naco en Francia"},"content":{"rendered":"<p style=\"font-weight: 400; text-align: justify;\"><strong>Radamel Falcao Garc\u00eda<\/strong> reapareci\u00f3 despu\u00e9s de 27 d\u00edas con <strong>M\u00f3naco<\/strong> de Francia, en el empate 1-1 en su visita al <strong>Amiens<\/strong> por la fecha 13 del f\u00fatbol franc\u00e9s.<\/p>\n<p style=\"font-weight: 400; text-align: justify;\">El colombiano, quien actu\u00f3 los 90 minutos, tuvo dos opciones claras en el primer tiempo, mientras que en el complemento intent\u00f3 asociarse pero no tuvo claridad.<\/p>\n<p style=\"font-weight: 400; text-align: justify;\">M\u00f3naco, con el empate, se mantiene segundo en la clasificaci\u00f3n con 29 puntos, tres menos que <strong>Par\u00eds Saint Germain<\/strong>, que este s\u00e1bado recibir\u00e1 a Nantes.<\/p>\n","protected":false},"excerpt":{"rendered":"<p>Radamel Falcao Garc\u00eda reapareci\u00f3 despu\u00e9s de 27 d\u00edas con M\u00f3naco de Francia, en el empate 1-1 en su visita al Amiens por la fecha 13 del f\u00fatbol franc\u00e9s. El colombiano, quien actu\u00f3 los 90 minutos, tuvo dos opciones claras en el primer tiempo, mientras que en el complemento intent\u00f3 asociarse pero no tuvo claridad. M\u00f3naco, [&hellip;]<\/p>\n","protected":false},"author":5,"featured_media":9865,"comment_status":"open","ping_status":"closed","sticky":false,"template":"","format":"standard","meta":{"_acf_changed":false,"footnotes":""},"categories":[153],"tags":[286],"class_list":{"0":"post-9876","1":"post","2":"type-post","3":"status-publish","4":"format-standard","5":"has-post-thumbnail","7":"category-selecion-colombia","8":"tag-radamel-falcao"},"acf":[],"_links":{"self":[{"href":"https:\/\/futbolhoy.co\/index.php\/wp-json\/wp\/v2\/posts\/9876","targetHints":{"allow":["GET"]}}],"collection":[{"href":"https:\/\/futbolhoy.co\/index.php\/wp-json\/wp\/v2\/posts"}],"about":[{"href":"https:\/\/futbolhoy.co\/index.php\/wp-json\/wp\/v2\/types\/post"}],"author":[{"embeddable":true,"href":"https:\/\/futbolhoy.co\/index.php\/wp-json\/wp\/v2\/users\/5"}],"replies":[{"embeddable":true,"href":"https:\/\/futbolhoy.co\/index.php\/wp-json\/wp\/v2\/comments?post=9876"}],"version-history":[{"count":1,"href":"https:\/\/futbolhoy.co\/index.php\/wp-json\/wp\/v2\/posts\/9876\/revisions"}],"predecessor-version":[{"id":9877,"href":"https:\/\/futbolhoy.co\/index.php\/wp-json\/wp\/v2\/posts\/9876\/revisions\/9877"}],"wp:featuredmedia":[{"embeddable":true,"href":"https:\/\/futbolhoy.co\/index.php\/wp-json\/wp\/v2\/media\/9865"}],"wp:attachment":[{"href":"https:\/\/futbolhoy.co\/index.php\/wp-json\/wp\/v2\/media?parent=9876"}],"wp:term":[{"taxonomy":"category","embeddable":true,"href":"https:\/\/futbolhoy.co\/index.php\/wp-json\/wp\/v2\/categories?post=9876"},{"taxonomy":"post_tag","embeddable":true,"href":"https:\/\/futbolhoy.co\/index.php\/wp-json\/wp\/v2\/tags?post=9876"}],"curies":[{"name":"wp","href":"https:\/\/api.w.org\/{rel}","templated":true}]}}