{"id":9957,"date":"2017-11-20T19:21:49","date_gmt":"2017-11-21T00:21:49","guid":{"rendered":"http:\/\/futbolhoy.co\/?p=9957"},"modified":"2017-11-20T19:21:49","modified_gmt":"2017-11-21T00:21:49","slug":"equidad-y-millonarios-abriran-cuartos-de-final-de-la-liga-aguila","status":"publish","type":"post","link":"https:\/\/futbolhoy.co\/index.php\/2017\/11\/20\/equidad-y-millonarios-abriran-cuartos-de-final-de-la-liga-aguila\/","title":{"rendered":"Equidad y Millonarios abrir\u00e1n cuartos de final de la Liga \u00c1guila"},"content":{"rendered":"<p style=\"text-align: justify;\">El partido <strong>Equidad<\/strong>-<strong>Millonarios<\/strong> abrir\u00e1 el pr\u00f3ximo s\u00e1bado los cuartos de final de la <strong>Liga \u00c1guila<\/strong> II del f\u00fatbol colombiano.<\/p>\n<p style=\"text-align: justify;\">La <strong>Dimayor<\/strong> fij\u00f3 horario de 7.30 de la noche para el juego que se disputar\u00e1 en el estadio de Techo, al sur de Bogot\u00e1.<\/p>\n<p style=\"text-align: justify;\">El resto de la jornada qued\u00f3 as\u00ed:<\/p>\n<p style=\"text-align: justify;\"><em>Domingo 3.10pm:<\/em>\u00a0Jaguares-<strong>Santa Fe<\/strong><\/p>\n<p><em>5.05pm:<\/em>\u00a0Tolima-<strong>Nacional<br \/>\n<\/strong><br \/>\n<em>Lunes 7.45pm:<\/em>\u00a0<strong>Am\u00e9rica<\/strong>-<strong>Junior<\/strong><\/p>\n","protected":false},"excerpt":{"rendered":"<p>El partido Equidad-Millonarios abrir\u00e1 el pr\u00f3ximo s\u00e1bado los cuartos de final de la Liga \u00c1guila II del f\u00fatbol colombiano. La Dimayor fij\u00f3 horario de 7.30 de la noche para el juego que se disputar\u00e1 en el estadio de Techo, al sur de Bogot\u00e1. El resto de la jornada qued\u00f3 as\u00ed: Domingo 3.10pm:\u00a0Jaguares-Santa Fe 5.05pm:\u00a0Tolima-Nacional Lunes [&hellip;]<\/p>\n","protected":false},"author":5,"featured_media":9962,"comment_status":"open","ping_status":"open","sticky":false,"template":"","format":"standard","meta":{"_acf_changed":false,"footnotes":""},"categories":[5,7],"tags":[],"class_list":{"0":"post-9957","1":"post","2":"type-post","3":"status-publish","4":"format-standard","5":"has-post-thumbnail","7":"category-destacados","8":"category-liga-betplay"},"acf":[],"yoast_head":"<!-- This site is optimized with the Yoast SEO plugin v26.8 - https:\/\/yoast.com\/product\/yoast-seo-wordpress\/ -->\n<title>Equidad y Millonarios abrir\u00e1n cuartos de final de la Liga \u00c1guila -<\/title>\n<meta name=\"robots\" content=\"index, follow, max-snippet:-1, max-image-preview:large, max-video-preview:-1\" \/>\n<link rel=\"canonical\" href=\"https:\/\/futbolhoy.co\/index.php\/2017\/11\/20\/equidad-y-millonarios-abriran-cuartos-de-final-de-la-liga-aguila\/\" \/>\n<meta property=\"og:locale\" content=\"es_ES\" \/>\n<meta property=\"og:type\" content=\"article\" \/>\n<meta property=\"og:title\" content=\"Equidad y Millonarios abrir\u00e1n cuartos de final de la Liga \u00c1guila -\" \/>\n<meta property=\"og:description\" content=\"El partido Equidad-Millonarios abrir\u00e1 el pr\u00f3ximo s\u00e1bado los cuartos de final de la Liga \u00c1guila II del f\u00fatbol colombiano. La Dimayor fij\u00f3 horario de 7.30 de la noche para el juego que se disputar\u00e1 en el estadio de Techo, al sur de Bogot\u00e1. El resto de la jornada qued\u00f3 as\u00ed: Domingo 3.10pm:\u00a0Jaguares-Santa Fe 5.05pm:\u00a0Tolima-Nacional Lunes [&hellip;]\" \/>\n<meta property=\"og:url\" content=\"https:\/\/futbolhoy.co\/index.php\/2017\/11\/20\/equidad-y-millonarios-abriran-cuartos-de-final-de-la-liga-aguila\/\" \/>\n<meta property=\"article:publisher\" content=\"https:\/\/www.facebook.com\/FutbolHoyCol\/\" \/>\n<meta property=\"article:published_time\" content=\"2017-11-21T00:21:49+00:00\" \/>\n<meta property=\"og:image\" content=\"https:\/\/futbolhoy.co\/wp-content\/uploads\/2017\/11\/IMG_20171120_184545.jpg\" \/>\n\t<meta property=\"og:image:width\" content=\"1500\" \/>\n\t<meta property=\"og:image:height\" content=\"998\" \/>\n\t<meta property=\"og:image:type\" content=\"image\/jpeg\" \/>\n<meta name=\"author\" content=\"Laura Hern\u00e1ndez\" \/>\n<meta name=\"twitter:card\" content=\"summary_large_image\" \/>\n<meta name=\"twitter:creator\" content=\"@FutbolHoyCol\" \/>\n<meta name=\"twitter:site\" content=\"@FutbolHoyCol\" \/>\n<meta name=\"twitter:label1\" content=\"Escrito por\" \/>\n\t<meta name=\"twitter:data1\" content=\"Laura Hern\u00e1ndez\" \/>\n<script type=\"application\/ld+json\" class=\"yoast-schema-graph\">{\"@context\":\"https:\/\/schema.org\",\"@graph\":[{\"@type\":\"Article\",\"@id\":\"https:\/\/futbolhoy.co\/index.php\/2017\/11\/20\/equidad-y-millonarios-abriran-cuartos-de-final-de-la-liga-aguila\/#article\",\"isPartOf\":{\"@id\":\"https:\/\/futbolhoy.co\/index.php\/2017\/11\/20\/equidad-y-millonarios-abriran-cuartos-de-final-de-la-liga-aguila\/\"},\"author\":{\"name\":\"Laura Hern\u00e1ndez\",\"@id\":\"https:\/\/futbolhoy.co\/#\/schema\/person\/c4a353a512b127643723a34bb1812f7d\"},\"headline\":\"Equidad y Millonarios abrir\u00e1n cuartos de final de la Liga \u00c1guila\",\"datePublished\":\"2017-11-21T00:21:49+00:00\",\"mainEntityOfPage\":{\"@id\":\"https:\/\/futbolhoy.co\/index.php\/2017\/11\/20\/equidad-y-millonarios-abriran-cuartos-de-final-de-la-liga-aguila\/\"},\"wordCount\":74,\"commentCount\":0,\"publisher\":{\"@id\":\"https:\/\/futbolhoy.co\/#organization\"},\"image\":{\"@id\":\"https:\/\/futbolhoy.co\/index.php\/2017\/11\/20\/equidad-y-millonarios-abriran-cuartos-de-final-de-la-liga-aguila\/#primaryimage\"},\"thumbnailUrl\":\"https:\/\/futbolhoy.co\/wp-content\/uploads\/2017\/11\/IMG_20171120_184545.jpg\",\"articleSection\":[\"Destacados\",\"Liga BetPlay\"],\"inLanguage\":\"es\",\"potentialAction\":[{\"@type\":\"CommentAction\",\"name\":\"Comment\",\"target\":[\"https:\/\/futbolhoy.co\/index.php\/2017\/11\/20\/equidad-y-millonarios-abriran-cuartos-de-final-de-la-liga-aguila\/#respond\"]}]},{\"@type\":\"WebPage\",\"@id\":\"https:\/\/futbolhoy.co\/index.php\/2017\/11\/20\/equidad-y-millonarios-abriran-cuartos-de-final-de-la-liga-aguila\/\",\"url\":\"https:\/\/futbolhoy.co\/index.php\/2017\/11\/20\/equidad-y-millonarios-abriran-cuartos-de-final-de-la-liga-aguila\/\",\"name\":\"Equidad y Millonarios abrir\u00e1n cuartos de final de la Liga \u00c1guila -\",\"isPartOf\":{\"@id\":\"https:\/\/futbolhoy.co\/#website\"},\"primaryImageOfPage\":{\"@id\":\"https:\/\/futbolhoy.co\/index.php\/2017\/11\/20\/equidad-y-millonarios-abriran-cuartos-de-final-de-la-liga-aguila\/#primaryimage\"},\"image\":{\"@id\":\"https:\/\/futbolhoy.co\/index.php\/2017\/11\/20\/equidad-y-millonarios-abriran-cuartos-de-final-de-la-liga-aguila\/#primaryimage\"},\"thumbnailUrl\":\"https:\/\/futbolhoy.co\/wp-content\/uploads\/2017\/11\/IMG_20171120_184545.jpg\",\"datePublished\":\"2017-11-21T00:21:49+00:00\",\"breadcrumb\":{\"@id\":\"https:\/\/futbolhoy.co\/index.php\/2017\/11\/20\/equidad-y-millonarios-abriran-cuartos-de-final-de-la-liga-aguila\/#breadcrumb\"},\"inLanguage\":\"es\",\"potentialAction\":[{\"@type\":\"ReadAction\",\"target\":[\"https:\/\/futbolhoy.co\/index.php\/2017\/11\/20\/equidad-y-millonarios-abriran-cuartos-de-final-de-la-liga-aguila\/\"]}]},{\"@type\":\"ImageObject\",\"inLanguage\":\"es\",\"@id\":\"https:\/\/futbolhoy.co\/index.php\/2017\/11\/20\/equidad-y-millonarios-abriran-cuartos-de-final-de-la-liga-aguila\/#primaryimage\",\"url\":\"https:\/\/futbolhoy.co\/wp-content\/uploads\/2017\/11\/IMG_20171120_184545.jpg\",\"contentUrl\":\"https:\/\/futbolhoy.co\/wp-content\/uploads\/2017\/11\/IMG_20171120_184545.jpg\",\"width\":1500,\"height\":998},{\"@type\":\"BreadcrumbList\",\"@id\":\"https:\/\/futbolhoy.co\/index.php\/2017\/11\/20\/equidad-y-millonarios-abriran-cuartos-de-final-de-la-liga-aguila\/#breadcrumb\",\"itemListElement\":[{\"@type\":\"ListItem\",\"position\":1,\"name\":\"Portada\",\"item\":\"https:\/\/futbolhoy.co\/\"},{\"@type\":\"ListItem\",\"position\":2,\"name\":\"Equidad y Millonarios abrir\u00e1n cuartos de final de la Liga \u00c1guila\"}]},{\"@type\":\"WebSite\",\"@id\":\"https:\/\/futbolhoy.co\/#website\",\"url\":\"https:\/\/futbolhoy.co\/\",\"name\":\"FutbolHoy\",\"description\":\"\",\"publisher\":{\"@id\":\"https:\/\/futbolhoy.co\/#organization\"},\"potentialAction\":[{\"@type\":\"SearchAction\",\"target\":{\"@type\":\"EntryPoint\",\"urlTemplate\":\"https:\/\/futbolhoy.co\/?s={search_term_string}\"},\"query-input\":{\"@type\":\"PropertyValueSpecification\",\"valueRequired\":true,\"valueName\":\"search_term_string\"}}],\"inLanguage\":\"es\"},{\"@type\":\"Organization\",\"@id\":\"https:\/\/futbolhoy.co\/#organization\",\"name\":\"Futbolhoy.co\",\"url\":\"https:\/\/futbolhoy.co\/\",\"logo\":{\"@type\":\"ImageObject\",\"inLanguage\":\"es\",\"@id\":\"https:\/\/futbolhoy.co\/#\/schema\/logo\/image\/\",\"url\":\"https:\/\/futbolhoy.co\/wp-content\/uploads\/2018\/08\/17426380_1906371736249227_6326180412931521141_n.jpg\",\"contentUrl\":\"https:\/\/futbolhoy.co\/wp-content\/uploads\/2018\/08\/17426380_1906371736249227_6326180412931521141_n.jpg\",\"width\":960,\"height\":960,\"caption\":\"Futbolhoy.co\"},\"image\":{\"@id\":\"https:\/\/futbolhoy.co\/#\/schema\/logo\/image\/\"},\"sameAs\":[\"https:\/\/www.facebook.com\/FutbolHoyCol\/\",\"https:\/\/x.com\/FutbolHoyCol\",\"https:\/\/www.instagram.com\/futbolhoycol\/\"]},{\"@type\":\"Person\",\"@id\":\"https:\/\/futbolhoy.co\/#\/schema\/person\/c4a353a512b127643723a34bb1812f7d\",\"name\":\"Laura Hern\u00e1ndez\",\"image\":{\"@type\":\"ImageObject\",\"inLanguage\":\"es\",\"@id\":\"https:\/\/futbolhoy.co\/#\/schema\/person\/image\/\",\"url\":\"https:\/\/secure.gravatar.com\/avatar\/d25959a15b9b293a743f99181c7cfd01?s=96&d=mm&r=g\",\"contentUrl\":\"https:\/\/secure.gravatar.com\/avatar\/d25959a15b9b293a743f99181c7cfd01?s=96&d=mm&r=g\",\"caption\":\"Laura Hern\u00e1ndez\"}}]}<\/script>\n<!-- \/ Yoast SEO plugin. -->","yoast_head_json":{"title":"Equidad y Millonarios abrir\u00e1n cuartos de final de la Liga \u00c1guila -","robots":{"index":"index","follow":"follow","max-snippet":"max-snippet:-1","max-image-preview":"max-image-preview:large","max-video-preview":"max-video-preview:-1"},"canonical":"https:\/\/futbolhoy.co\/index.php\/2017\/11\/20\/equidad-y-millonarios-abriran-cuartos-de-final-de-la-liga-aguila\/","og_locale":"es_ES","og_type":"article","og_title":"Equidad y Millonarios abrir\u00e1n cuartos de final de la Liga \u00c1guila -","og_description":"El partido Equidad-Millonarios abrir\u00e1 el pr\u00f3ximo s\u00e1bado los cuartos de final de la Liga \u00c1guila II del f\u00fatbol colombiano. La Dimayor fij\u00f3 horario de 7.30 de la noche para el juego que se disputar\u00e1 en el estadio de Techo, al sur de Bogot\u00e1. El resto de la jornada qued\u00f3 as\u00ed: Domingo 3.10pm:\u00a0Jaguares-Santa Fe 5.05pm:\u00a0Tolima-Nacional Lunes [&hellip;]","og_url":"https:\/\/futbolhoy.co\/index.php\/2017\/11\/20\/equidad-y-millonarios-abriran-cuartos-de-final-de-la-liga-aguila\/","article_publisher":"https:\/\/www.facebook.com\/FutbolHoyCol\/","article_published_time":"2017-11-21T00:21:49+00:00","og_image":[{"width":1500,"height":998,"url":"https:\/\/futbolhoy.co\/wp-content\/uploads\/2017\/11\/IMG_20171120_184545.jpg","type":"image\/jpeg"}],"author":"Laura Hern\u00e1ndez","twitter_card":"summary_large_image","twitter_creator":"@FutbolHoyCol","twitter_site":"@FutbolHoyCol","twitter_misc":{"Escrito por":"Laura Hern\u00e1ndez"},"schema":{"@context":"https:\/\/schema.org","@graph":[{"@type":"Article","@id":"https:\/\/futbolhoy.co\/index.php\/2017\/11\/20\/equidad-y-millonarios-abriran-cuartos-de-final-de-la-liga-aguila\/#article","isPartOf":{"@id":"https:\/\/futbolhoy.co\/index.php\/2017\/11\/20\/equidad-y-millonarios-abriran-cuartos-de-final-de-la-liga-aguila\/"},"author":{"name":"Laura Hern\u00e1ndez","@id":"https:\/\/futbolhoy.co\/#\/schema\/person\/c4a353a512b127643723a34bb1812f7d"},"headline":"Equidad y Millonarios abrir\u00e1n cuartos de final de la Liga \u00c1guila","datePublished":"2017-11-21T00:21:49+00:00","mainEntityOfPage":{"@id":"https:\/\/futbolhoy.co\/index.php\/2017\/11\/20\/equidad-y-millonarios-abriran-cuartos-de-final-de-la-liga-aguila\/"},"wordCount":74,"commentCount":0,"publisher":{"@id":"https:\/\/futbolhoy.co\/#organization"},"image":{"@id":"https:\/\/futbolhoy.co\/index.php\/2017\/11\/20\/equidad-y-millonarios-abriran-cuartos-de-final-de-la-liga-aguila\/#primaryimage"},"thumbnailUrl":"https:\/\/futbolhoy.co\/wp-content\/uploads\/2017\/11\/IMG_20171120_184545.jpg","articleSection":["Destacados","Liga BetPlay"],"inLanguage":"es","potentialAction":[{"@type":"CommentAction","name":"Comment","target":["https:\/\/futbolhoy.co\/index.php\/2017\/11\/20\/equidad-y-millonarios-abriran-cuartos-de-final-de-la-liga-aguila\/#respond"]}]},{"@type":"WebPage","@id":"https:\/\/futbolhoy.co\/index.php\/2017\/11\/20\/equidad-y-millonarios-abriran-cuartos-de-final-de-la-liga-aguila\/","url":"https:\/\/futbolhoy.co\/index.php\/2017\/11\/20\/equidad-y-millonarios-abriran-cuartos-de-final-de-la-liga-aguila\/","name":"Equidad y Millonarios abrir\u00e1n cuartos de final de la Liga \u00c1guila -","isPartOf":{"@id":"https:\/\/futbolhoy.co\/#website"},"primaryImageOfPage":{"@id":"https:\/\/futbolhoy.co\/index.php\/2017\/11\/20\/equidad-y-millonarios-abriran-cuartos-de-final-de-la-liga-aguila\/#primaryimage"},"image":{"@id":"https:\/\/futbolhoy.co\/index.php\/2017\/11\/20\/equidad-y-millonarios-abriran-cuartos-de-final-de-la-liga-aguila\/#primaryimage"},"thumbnailUrl":"https:\/\/futbolhoy.co\/wp-content\/uploads\/2017\/11\/IMG_20171120_184545.jpg","datePublished":"2017-11-21T00:21:49+00:00","breadcrumb":{"@id":"https:\/\/futbolhoy.co\/index.php\/2017\/11\/20\/equidad-y-millonarios-abriran-cuartos-de-final-de-la-liga-aguila\/#breadcrumb"},"inLanguage":"es","potentialAction":[{"@type":"ReadAction","target":["https:\/\/futbolhoy.co\/index.php\/2017\/11\/20\/equidad-y-millonarios-abriran-cuartos-de-final-de-la-liga-aguila\/"]}]},{"@type":"ImageObject","inLanguage":"es","@id":"https:\/\/futbolhoy.co\/index.php\/2017\/11\/20\/equidad-y-millonarios-abriran-cuartos-de-final-de-la-liga-aguila\/#primaryimage","url":"https:\/\/futbolhoy.co\/wp-content\/uploads\/2017\/11\/IMG_20171120_184545.jpg","contentUrl":"https:\/\/futbolhoy.co\/wp-content\/uploads\/2017\/11\/IMG_20171120_184545.jpg","width":1500,"height":998},{"@type":"BreadcrumbList","@id":"https:\/\/futbolhoy.co\/index.php\/2017\/11\/20\/equidad-y-millonarios-abriran-cuartos-de-final-de-la-liga-aguila\/#breadcrumb","itemListElement":[{"@type":"ListItem","position":1,"name":"Portada","item":"https:\/\/futbolhoy.co\/"},{"@type":"ListItem","position":2,"name":"Equidad y Millonarios abrir\u00e1n cuartos de final de la Liga \u00c1guila"}]},{"@type":"WebSite","@id":"https:\/\/futbolhoy.co\/#website","url":"https:\/\/futbolhoy.co\/","name":"FutbolHoy","description":"","publisher":{"@id":"https:\/\/futbolhoy.co\/#organization"},"potentialAction":[{"@type":"SearchAction","target":{"@type":"EntryPoint","urlTemplate":"https:\/\/futbolhoy.co\/?s={search_term_string}"},"query-input":{"@type":"PropertyValueSpecification","valueRequired":true,"valueName":"search_term_string"}}],"inLanguage":"es"},{"@type":"Organization","@id":"https:\/\/futbolhoy.co\/#organization","name":"Futbolhoy.co","url":"https:\/\/futbolhoy.co\/","logo":{"@type":"ImageObject","inLanguage":"es","@id":"https:\/\/futbolhoy.co\/#\/schema\/logo\/image\/","url":"https:\/\/futbolhoy.co\/wp-content\/uploads\/2018\/08\/17426380_1906371736249227_6326180412931521141_n.jpg","contentUrl":"https:\/\/futbolhoy.co\/wp-content\/uploads\/2018\/08\/17426380_1906371736249227_6326180412931521141_n.jpg","width":960,"height":960,"caption":"Futbolhoy.co"},"image":{"@id":"https:\/\/futbolhoy.co\/#\/schema\/logo\/image\/"},"sameAs":["https:\/\/www.facebook.com\/FutbolHoyCol\/","https:\/\/x.com\/FutbolHoyCol","https:\/\/www.instagram.com\/futbolhoycol\/"]},{"@type":"Person","@id":"https:\/\/futbolhoy.co\/#\/schema\/person\/c4a353a512b127643723a34bb1812f7d","name":"Laura Hern\u00e1ndez","image":{"@type":"ImageObject","inLanguage":"es","@id":"https:\/\/futbolhoy.co\/#\/schema\/person\/image\/","url":"https:\/\/secure.gravatar.com\/avatar\/d25959a15b9b293a743f99181c7cfd01?s=96&d=mm&r=g","contentUrl":"https:\/\/secure.gravatar.com\/avatar\/d25959a15b9b293a743f99181c7cfd01?s=96&d=mm&r=g","caption":"Laura Hern\u00e1ndez"}}]}},"publishpress_future_action":{"enabled":false,"date":"2026-05-03 04:06:22","action":"change-status","newStatus":"draft","terms":[],"taxonomy":"category","extraData":[]},"publishpress_future_workflow_manual_trigger":{"enabledWorkflows":[]},"_links":{"self":[{"href":"https:\/\/futbolhoy.co\/index.php\/wp-json\/wp\/v2\/posts\/9957","targetHints":{"allow":["GET"]}}],"collection":[{"href":"https:\/\/futbolhoy.co\/index.php\/wp-json\/wp\/v2\/posts"}],"about":[{"href":"https:\/\/futbolhoy.co\/index.php\/wp-json\/wp\/v2\/types\/post"}],"author":[{"embeddable":true,"href":"https:\/\/futbolhoy.co\/index.php\/wp-json\/wp\/v2\/users\/5"}],"replies":[{"embeddable":true,"href":"https:\/\/futbolhoy.co\/index.php\/wp-json\/wp\/v2\/comments?post=9957"}],"version-history":[{"count":1,"href":"https:\/\/futbolhoy.co\/index.php\/wp-json\/wp\/v2\/posts\/9957\/revisions"}],"predecessor-version":[{"id":9963,"href":"https:\/\/futbolhoy.co\/index.php\/wp-json\/wp\/v2\/posts\/9957\/revisions\/9963"}],"wp:featuredmedia":[{"embeddable":true,"href":"https:\/\/futbolhoy.co\/index.php\/wp-json\/wp\/v2\/media\/9962"}],"wp:attachment":[{"href":"https:\/\/futbolhoy.co\/index.php\/wp-json\/wp\/v2\/media?parent=9957"}],"wp:term":[{"taxonomy":"category","embeddable":true,"href":"https:\/\/futbolhoy.co\/index.php\/wp-json\/wp\/v2\/categories?post=9957"},{"taxonomy":"post_tag","embeddable":true,"href":"https:\/\/futbolhoy.co\/index.php\/wp-json\/wp\/v2\/tags?post=9957"}],"curies":[{"name":"wp","href":"https:\/\/api.w.org\/{rel}","templated":true}]}}