{"id":9958,"date":"2017-11-20T19:15:24","date_gmt":"2017-11-21T00:15:24","guid":{"rendered":"http:\/\/futbolhoy.co\/?p=9958"},"modified":"2017-11-21T11:10:29","modified_gmt":"2017-11-21T16:10:29","slug":"el-colombiano-izquierdo-salvo-empate-del-brigthon-en-la-liga-premier","status":"publish","type":"post","link":"https:\/\/futbolhoy.co\/index.php\/2017\/11\/20\/el-colombiano-izquierdo-salvo-empate-del-brigthon-en-la-liga-premier\/","title":{"rendered":"El colombiano Izquierdo salv\u00f3 empate del Brigthon en la Liga Premier"},"content":{"rendered":"<p style=\"text-align: justify;\">El colombiano <strong>Jos\u00e9 Heriberto Izquierdo<\/strong> marc\u00f3 su segundo gol <b>con Brigthon<\/b>\u00a0que igual\u00f3 2-2 con <strong>Stoke City<\/strong> en el cierre de la fecha 12 de la <strong>Liga Premier<\/strong> de Inglaterra.<\/p>\n<p style=\"text-align: justify;\">El tanto de Izquierdo, a los 60 minutos, salv\u00f3 un punto para su club en casa.<\/p>\n<p style=\"text-align: justify;\">El colombiano jug\u00f3 74 minutos y complet\u00f3 429 minutos en 8 partidos en los que ha participado en el torneo.<\/p>\n<p style=\"text-align: justify;\">El empate lo ubica en la novena posici\u00f3n del campeonato, con 16 puntos.<strong>Manchester City<\/strong> con 36 unidades domina el torneo.<\/p>\n","protected":false},"excerpt":{"rendered":"<p>El colombiano Jos\u00e9 Heriberto Izquierdo marc\u00f3 su segundo gol con Brigthon\u00a0que igual\u00f3 2-2 con Stoke City en el cierre de la fecha 12 de la Liga Premier de Inglaterra. El tanto de Izquierdo, a los 60 minutos, salv\u00f3 un punto para su club en casa. El colombiano jug\u00f3 74 minutos y complet\u00f3 429 minutos en [&hellip;]<\/p>\n","protected":false},"author":5,"featured_media":9960,"comment_status":"open","ping_status":"open","sticky":false,"template":"","format":"standard","meta":{"_acf_changed":false,"footnotes":""},"categories":[152],"tags":[464,463],"class_list":{"0":"post-9958","1":"post","2":"type-post","3":"status-publish","4":"format-standard","5":"has-post-thumbnail","7":"category-mundo-futbol","8":"tag-brigthon-albion","9":"tag-jose-heriberto-izquierdo"},"acf":[],"yoast_head":"<!-- This site is optimized with the Yoast SEO plugin v26.8 - https:\/\/yoast.com\/product\/yoast-seo-wordpress\/ -->\n<title>El colombiano Izquierdo salv\u00f3 empate del Brigthon en la Liga Premier -<\/title>\n<meta name=\"robots\" content=\"index, follow, max-snippet:-1, max-image-preview:large, max-video-preview:-1\" \/>\n<link rel=\"canonical\" href=\"https:\/\/futbolhoy.co\/index.php\/2017\/11\/20\/el-colombiano-izquierdo-salvo-empate-del-brigthon-en-la-liga-premier\/\" \/>\n<meta property=\"og:locale\" content=\"es_ES\" \/>\n<meta property=\"og:type\" content=\"article\" \/>\n<meta property=\"og:title\" content=\"El colombiano Izquierdo salv\u00f3 empate del Brigthon en la Liga Premier -\" \/>\n<meta property=\"og:description\" content=\"El colombiano Jos\u00e9 Heriberto Izquierdo marc\u00f3 su segundo gol con Brigthon\u00a0que igual\u00f3 2-2 con Stoke City en el cierre de la fecha 12 de la Liga Premier de Inglaterra. El tanto de Izquierdo, a los 60 minutos, salv\u00f3 un punto para su club en casa. El colombiano jug\u00f3 74 minutos y complet\u00f3 429 minutos en [&hellip;]\" \/>\n<meta property=\"og:url\" content=\"https:\/\/futbolhoy.co\/index.php\/2017\/11\/20\/el-colombiano-izquierdo-salvo-empate-del-brigthon-en-la-liga-premier\/\" \/>\n<meta property=\"article:publisher\" content=\"https:\/\/www.facebook.com\/FutbolHoyCol\/\" \/>\n<meta property=\"article:published_time\" content=\"2017-11-21T00:15:24+00:00\" \/>\n<meta property=\"article:modified_time\" content=\"2017-11-21T16:10:29+00:00\" \/>\n<meta property=\"og:image\" content=\"https:\/\/futbolhoy.co\/wp-content\/uploads\/2017\/11\/IMG_20171120_184412.jpg\" \/>\n\t<meta property=\"og:image:width\" content=\"1024\" \/>\n\t<meta property=\"og:image:height\" content=\"512\" \/>\n\t<meta property=\"og:image:type\" content=\"image\/jpeg\" \/>\n<meta name=\"author\" content=\"Laura Hern\u00e1ndez\" \/>\n<meta name=\"twitter:card\" content=\"summary_large_image\" \/>\n<meta name=\"twitter:creator\" content=\"@FutbolHoyCol\" \/>\n<meta name=\"twitter:site\" content=\"@FutbolHoyCol\" \/>\n<meta name=\"twitter:label1\" content=\"Escrito por\" \/>\n\t<meta name=\"twitter:data1\" content=\"Laura Hern\u00e1ndez\" \/>\n<script type=\"application\/ld+json\" class=\"yoast-schema-graph\">{\"@context\":\"https:\/\/schema.org\",\"@graph\":[{\"@type\":\"Article\",\"@id\":\"https:\/\/futbolhoy.co\/index.php\/2017\/11\/20\/el-colombiano-izquierdo-salvo-empate-del-brigthon-en-la-liga-premier\/#article\",\"isPartOf\":{\"@id\":\"https:\/\/futbolhoy.co\/index.php\/2017\/11\/20\/el-colombiano-izquierdo-salvo-empate-del-brigthon-en-la-liga-premier\/\"},\"author\":{\"name\":\"Laura Hern\u00e1ndez\",\"@id\":\"https:\/\/futbolhoy.co\/#\/schema\/person\/c4a353a512b127643723a34bb1812f7d\"},\"headline\":\"El colombiano Izquierdo salv\u00f3 empate del Brigthon en la Liga Premier\",\"datePublished\":\"2017-11-21T00:15:24+00:00\",\"dateModified\":\"2017-11-21T16:10:29+00:00\",\"mainEntityOfPage\":{\"@id\":\"https:\/\/futbolhoy.co\/index.php\/2017\/11\/20\/el-colombiano-izquierdo-salvo-empate-del-brigthon-en-la-liga-premier\/\"},\"wordCount\":92,\"commentCount\":0,\"publisher\":{\"@id\":\"https:\/\/futbolhoy.co\/#organization\"},\"image\":{\"@id\":\"https:\/\/futbolhoy.co\/index.php\/2017\/11\/20\/el-colombiano-izquierdo-salvo-empate-del-brigthon-en-la-liga-premier\/#primaryimage\"},\"thumbnailUrl\":\"https:\/\/futbolhoy.co\/wp-content\/uploads\/2017\/11\/IMG_20171120_184412.jpg\",\"keywords\":[\"Brigthon Albion\",\"Jos\u00e9 Heriberto izquierdo\"],\"articleSection\":[\"Mundo Futbol\"],\"inLanguage\":\"es\",\"potentialAction\":[{\"@type\":\"CommentAction\",\"name\":\"Comment\",\"target\":[\"https:\/\/futbolhoy.co\/index.php\/2017\/11\/20\/el-colombiano-izquierdo-salvo-empate-del-brigthon-en-la-liga-premier\/#respond\"]}]},{\"@type\":\"WebPage\",\"@id\":\"https:\/\/futbolhoy.co\/index.php\/2017\/11\/20\/el-colombiano-izquierdo-salvo-empate-del-brigthon-en-la-liga-premier\/\",\"url\":\"https:\/\/futbolhoy.co\/index.php\/2017\/11\/20\/el-colombiano-izquierdo-salvo-empate-del-brigthon-en-la-liga-premier\/\",\"name\":\"El colombiano Izquierdo salv\u00f3 empate del Brigthon en la Liga Premier -\",\"isPartOf\":{\"@id\":\"https:\/\/futbolhoy.co\/#website\"},\"primaryImageOfPage\":{\"@id\":\"https:\/\/futbolhoy.co\/index.php\/2017\/11\/20\/el-colombiano-izquierdo-salvo-empate-del-brigthon-en-la-liga-premier\/#primaryimage\"},\"image\":{\"@id\":\"https:\/\/futbolhoy.co\/index.php\/2017\/11\/20\/el-colombiano-izquierdo-salvo-empate-del-brigthon-en-la-liga-premier\/#primaryimage\"},\"thumbnailUrl\":\"https:\/\/futbolhoy.co\/wp-content\/uploads\/2017\/11\/IMG_20171120_184412.jpg\",\"datePublished\":\"2017-11-21T00:15:24+00:00\",\"dateModified\":\"2017-11-21T16:10:29+00:00\",\"breadcrumb\":{\"@id\":\"https:\/\/futbolhoy.co\/index.php\/2017\/11\/20\/el-colombiano-izquierdo-salvo-empate-del-brigthon-en-la-liga-premier\/#breadcrumb\"},\"inLanguage\":\"es\",\"potentialAction\":[{\"@type\":\"ReadAction\",\"target\":[\"https:\/\/futbolhoy.co\/index.php\/2017\/11\/20\/el-colombiano-izquierdo-salvo-empate-del-brigthon-en-la-liga-premier\/\"]}]},{\"@type\":\"ImageObject\",\"inLanguage\":\"es\",\"@id\":\"https:\/\/futbolhoy.co\/index.php\/2017\/11\/20\/el-colombiano-izquierdo-salvo-empate-del-brigthon-en-la-liga-premier\/#primaryimage\",\"url\":\"https:\/\/futbolhoy.co\/wp-content\/uploads\/2017\/11\/IMG_20171120_184412.jpg\",\"contentUrl\":\"https:\/\/futbolhoy.co\/wp-content\/uploads\/2017\/11\/IMG_20171120_184412.jpg\",\"width\":1024,\"height\":512},{\"@type\":\"BreadcrumbList\",\"@id\":\"https:\/\/futbolhoy.co\/index.php\/2017\/11\/20\/el-colombiano-izquierdo-salvo-empate-del-brigthon-en-la-liga-premier\/#breadcrumb\",\"itemListElement\":[{\"@type\":\"ListItem\",\"position\":1,\"name\":\"Portada\",\"item\":\"https:\/\/futbolhoy.co\/\"},{\"@type\":\"ListItem\",\"position\":2,\"name\":\"El colombiano Izquierdo salv\u00f3 empate del Brigthon en la Liga Premier\"}]},{\"@type\":\"WebSite\",\"@id\":\"https:\/\/futbolhoy.co\/#website\",\"url\":\"https:\/\/futbolhoy.co\/\",\"name\":\"FutbolHoy\",\"description\":\"\",\"publisher\":{\"@id\":\"https:\/\/futbolhoy.co\/#organization\"},\"potentialAction\":[{\"@type\":\"SearchAction\",\"target\":{\"@type\":\"EntryPoint\",\"urlTemplate\":\"https:\/\/futbolhoy.co\/?s={search_term_string}\"},\"query-input\":{\"@type\":\"PropertyValueSpecification\",\"valueRequired\":true,\"valueName\":\"search_term_string\"}}],\"inLanguage\":\"es\"},{\"@type\":\"Organization\",\"@id\":\"https:\/\/futbolhoy.co\/#organization\",\"name\":\"Futbolhoy.co\",\"url\":\"https:\/\/futbolhoy.co\/\",\"logo\":{\"@type\":\"ImageObject\",\"inLanguage\":\"es\",\"@id\":\"https:\/\/futbolhoy.co\/#\/schema\/logo\/image\/\",\"url\":\"https:\/\/futbolhoy.co\/wp-content\/uploads\/2018\/08\/17426380_1906371736249227_6326180412931521141_n.jpg\",\"contentUrl\":\"https:\/\/futbolhoy.co\/wp-content\/uploads\/2018\/08\/17426380_1906371736249227_6326180412931521141_n.jpg\",\"width\":960,\"height\":960,\"caption\":\"Futbolhoy.co\"},\"image\":{\"@id\":\"https:\/\/futbolhoy.co\/#\/schema\/logo\/image\/\"},\"sameAs\":[\"https:\/\/www.facebook.com\/FutbolHoyCol\/\",\"https:\/\/x.com\/FutbolHoyCol\",\"https:\/\/www.instagram.com\/futbolhoycol\/\"]},{\"@type\":\"Person\",\"@id\":\"https:\/\/futbolhoy.co\/#\/schema\/person\/c4a353a512b127643723a34bb1812f7d\",\"name\":\"Laura Hern\u00e1ndez\",\"image\":{\"@type\":\"ImageObject\",\"inLanguage\":\"es\",\"@id\":\"https:\/\/futbolhoy.co\/#\/schema\/person\/image\/\",\"url\":\"https:\/\/secure.gravatar.com\/avatar\/d25959a15b9b293a743f99181c7cfd01?s=96&d=mm&r=g\",\"contentUrl\":\"https:\/\/secure.gravatar.com\/avatar\/d25959a15b9b293a743f99181c7cfd01?s=96&d=mm&r=g\",\"caption\":\"Laura Hern\u00e1ndez\"}}]}<\/script>\n<!-- \/ Yoast SEO plugin. -->","yoast_head_json":{"title":"El colombiano Izquierdo salv\u00f3 empate del Brigthon en la Liga Premier -","robots":{"index":"index","follow":"follow","max-snippet":"max-snippet:-1","max-image-preview":"max-image-preview:large","max-video-preview":"max-video-preview:-1"},"canonical":"https:\/\/futbolhoy.co\/index.php\/2017\/11\/20\/el-colombiano-izquierdo-salvo-empate-del-brigthon-en-la-liga-premier\/","og_locale":"es_ES","og_type":"article","og_title":"El colombiano Izquierdo salv\u00f3 empate del Brigthon en la Liga Premier -","og_description":"El colombiano Jos\u00e9 Heriberto Izquierdo marc\u00f3 su segundo gol con Brigthon\u00a0que igual\u00f3 2-2 con Stoke City en el cierre de la fecha 12 de la Liga Premier de Inglaterra. El tanto de Izquierdo, a los 60 minutos, salv\u00f3 un punto para su club en casa. El colombiano jug\u00f3 74 minutos y complet\u00f3 429 minutos en [&hellip;]","og_url":"https:\/\/futbolhoy.co\/index.php\/2017\/11\/20\/el-colombiano-izquierdo-salvo-empate-del-brigthon-en-la-liga-premier\/","article_publisher":"https:\/\/www.facebook.com\/FutbolHoyCol\/","article_published_time":"2017-11-21T00:15:24+00:00","article_modified_time":"2017-11-21T16:10:29+00:00","og_image":[{"width":1024,"height":512,"url":"https:\/\/futbolhoy.co\/wp-content\/uploads\/2017\/11\/IMG_20171120_184412.jpg","type":"image\/jpeg"}],"author":"Laura Hern\u00e1ndez","twitter_card":"summary_large_image","twitter_creator":"@FutbolHoyCol","twitter_site":"@FutbolHoyCol","twitter_misc":{"Escrito por":"Laura Hern\u00e1ndez"},"schema":{"@context":"https:\/\/schema.org","@graph":[{"@type":"Article","@id":"https:\/\/futbolhoy.co\/index.php\/2017\/11\/20\/el-colombiano-izquierdo-salvo-empate-del-brigthon-en-la-liga-premier\/#article","isPartOf":{"@id":"https:\/\/futbolhoy.co\/index.php\/2017\/11\/20\/el-colombiano-izquierdo-salvo-empate-del-brigthon-en-la-liga-premier\/"},"author":{"name":"Laura Hern\u00e1ndez","@id":"https:\/\/futbolhoy.co\/#\/schema\/person\/c4a353a512b127643723a34bb1812f7d"},"headline":"El colombiano Izquierdo salv\u00f3 empate del Brigthon en la Liga Premier","datePublished":"2017-11-21T00:15:24+00:00","dateModified":"2017-11-21T16:10:29+00:00","mainEntityOfPage":{"@id":"https:\/\/futbolhoy.co\/index.php\/2017\/11\/20\/el-colombiano-izquierdo-salvo-empate-del-brigthon-en-la-liga-premier\/"},"wordCount":92,"commentCount":0,"publisher":{"@id":"https:\/\/futbolhoy.co\/#organization"},"image":{"@id":"https:\/\/futbolhoy.co\/index.php\/2017\/11\/20\/el-colombiano-izquierdo-salvo-empate-del-brigthon-en-la-liga-premier\/#primaryimage"},"thumbnailUrl":"https:\/\/futbolhoy.co\/wp-content\/uploads\/2017\/11\/IMG_20171120_184412.jpg","keywords":["Brigthon Albion","Jos\u00e9 Heriberto izquierdo"],"articleSection":["Mundo Futbol"],"inLanguage":"es","potentialAction":[{"@type":"CommentAction","name":"Comment","target":["https:\/\/futbolhoy.co\/index.php\/2017\/11\/20\/el-colombiano-izquierdo-salvo-empate-del-brigthon-en-la-liga-premier\/#respond"]}]},{"@type":"WebPage","@id":"https:\/\/futbolhoy.co\/index.php\/2017\/11\/20\/el-colombiano-izquierdo-salvo-empate-del-brigthon-en-la-liga-premier\/","url":"https:\/\/futbolhoy.co\/index.php\/2017\/11\/20\/el-colombiano-izquierdo-salvo-empate-del-brigthon-en-la-liga-premier\/","name":"El colombiano Izquierdo salv\u00f3 empate del Brigthon en la Liga Premier -","isPartOf":{"@id":"https:\/\/futbolhoy.co\/#website"},"primaryImageOfPage":{"@id":"https:\/\/futbolhoy.co\/index.php\/2017\/11\/20\/el-colombiano-izquierdo-salvo-empate-del-brigthon-en-la-liga-premier\/#primaryimage"},"image":{"@id":"https:\/\/futbolhoy.co\/index.php\/2017\/11\/20\/el-colombiano-izquierdo-salvo-empate-del-brigthon-en-la-liga-premier\/#primaryimage"},"thumbnailUrl":"https:\/\/futbolhoy.co\/wp-content\/uploads\/2017\/11\/IMG_20171120_184412.jpg","datePublished":"2017-11-21T00:15:24+00:00","dateModified":"2017-11-21T16:10:29+00:00","breadcrumb":{"@id":"https:\/\/futbolhoy.co\/index.php\/2017\/11\/20\/el-colombiano-izquierdo-salvo-empate-del-brigthon-en-la-liga-premier\/#breadcrumb"},"inLanguage":"es","potentialAction":[{"@type":"ReadAction","target":["https:\/\/futbolhoy.co\/index.php\/2017\/11\/20\/el-colombiano-izquierdo-salvo-empate-del-brigthon-en-la-liga-premier\/"]}]},{"@type":"ImageObject","inLanguage":"es","@id":"https:\/\/futbolhoy.co\/index.php\/2017\/11\/20\/el-colombiano-izquierdo-salvo-empate-del-brigthon-en-la-liga-premier\/#primaryimage","url":"https:\/\/futbolhoy.co\/wp-content\/uploads\/2017\/11\/IMG_20171120_184412.jpg","contentUrl":"https:\/\/futbolhoy.co\/wp-content\/uploads\/2017\/11\/IMG_20171120_184412.jpg","width":1024,"height":512},{"@type":"BreadcrumbList","@id":"https:\/\/futbolhoy.co\/index.php\/2017\/11\/20\/el-colombiano-izquierdo-salvo-empate-del-brigthon-en-la-liga-premier\/#breadcrumb","itemListElement":[{"@type":"ListItem","position":1,"name":"Portada","item":"https:\/\/futbolhoy.co\/"},{"@type":"ListItem","position":2,"name":"El colombiano Izquierdo salv\u00f3 empate del Brigthon en la Liga Premier"}]},{"@type":"WebSite","@id":"https:\/\/futbolhoy.co\/#website","url":"https:\/\/futbolhoy.co\/","name":"FutbolHoy","description":"","publisher":{"@id":"https:\/\/futbolhoy.co\/#organization"},"potentialAction":[{"@type":"SearchAction","target":{"@type":"EntryPoint","urlTemplate":"https:\/\/futbolhoy.co\/?s={search_term_string}"},"query-input":{"@type":"PropertyValueSpecification","valueRequired":true,"valueName":"search_term_string"}}],"inLanguage":"es"},{"@type":"Organization","@id":"https:\/\/futbolhoy.co\/#organization","name":"Futbolhoy.co","url":"https:\/\/futbolhoy.co\/","logo":{"@type":"ImageObject","inLanguage":"es","@id":"https:\/\/futbolhoy.co\/#\/schema\/logo\/image\/","url":"https:\/\/futbolhoy.co\/wp-content\/uploads\/2018\/08\/17426380_1906371736249227_6326180412931521141_n.jpg","contentUrl":"https:\/\/futbolhoy.co\/wp-content\/uploads\/2018\/08\/17426380_1906371736249227_6326180412931521141_n.jpg","width":960,"height":960,"caption":"Futbolhoy.co"},"image":{"@id":"https:\/\/futbolhoy.co\/#\/schema\/logo\/image\/"},"sameAs":["https:\/\/www.facebook.com\/FutbolHoyCol\/","https:\/\/x.com\/FutbolHoyCol","https:\/\/www.instagram.com\/futbolhoycol\/"]},{"@type":"Person","@id":"https:\/\/futbolhoy.co\/#\/schema\/person\/c4a353a512b127643723a34bb1812f7d","name":"Laura Hern\u00e1ndez","image":{"@type":"ImageObject","inLanguage":"es","@id":"https:\/\/futbolhoy.co\/#\/schema\/person\/image\/","url":"https:\/\/secure.gravatar.com\/avatar\/d25959a15b9b293a743f99181c7cfd01?s=96&d=mm&r=g","contentUrl":"https:\/\/secure.gravatar.com\/avatar\/d25959a15b9b293a743f99181c7cfd01?s=96&d=mm&r=g","caption":"Laura Hern\u00e1ndez"}}]}},"publishpress_future_action":{"enabled":false,"date":"2026-05-03 08:29:20","action":"change-status","newStatus":"draft","terms":[],"taxonomy":"category","extraData":[]},"publishpress_future_workflow_manual_trigger":{"enabledWorkflows":[]},"_links":{"self":[{"href":"https:\/\/futbolhoy.co\/index.php\/wp-json\/wp\/v2\/posts\/9958","targetHints":{"allow":["GET"]}}],"collection":[{"href":"https:\/\/futbolhoy.co\/index.php\/wp-json\/wp\/v2\/posts"}],"about":[{"href":"https:\/\/futbolhoy.co\/index.php\/wp-json\/wp\/v2\/types\/post"}],"author":[{"embeddable":true,"href":"https:\/\/futbolhoy.co\/index.php\/wp-json\/wp\/v2\/users\/5"}],"replies":[{"embeddable":true,"href":"https:\/\/futbolhoy.co\/index.php\/wp-json\/wp\/v2\/comments?post=9958"}],"version-history":[{"count":1,"href":"https:\/\/futbolhoy.co\/index.php\/wp-json\/wp\/v2\/posts\/9958\/revisions"}],"predecessor-version":[{"id":9961,"href":"https:\/\/futbolhoy.co\/index.php\/wp-json\/wp\/v2\/posts\/9958\/revisions\/9961"}],"wp:featuredmedia":[{"embeddable":true,"href":"https:\/\/futbolhoy.co\/index.php\/wp-json\/wp\/v2\/media\/9960"}],"wp:attachment":[{"href":"https:\/\/futbolhoy.co\/index.php\/wp-json\/wp\/v2\/media?parent=9958"}],"wp:term":[{"taxonomy":"category","embeddable":true,"href":"https:\/\/futbolhoy.co\/index.php\/wp-json\/wp\/v2\/categories?post=9958"},{"taxonomy":"post_tag","embeddable":true,"href":"https:\/\/futbolhoy.co\/index.php\/wp-json\/wp\/v2\/tags?post=9958"}],"curies":[{"name":"wp","href":"https:\/\/api.w.org\/{rel}","templated":true}]}}