{"id":99790,"date":"2023-10-06T09:13:39","date_gmt":"2023-10-06T14:13:39","guid":{"rendered":"https:\/\/futbolhoy.co\/?p=99790"},"modified":"2023-10-06T20:22:02","modified_gmt":"2023-10-07T01:22:02","slug":"davinson-sanchez-en-el-equipo-ideal-de-la-semana-de-la-champions","status":"publish","type":"post","link":"https:\/\/futbolhoy.co\/index.php\/2023\/10\/06\/davinson-sanchez-en-el-equipo-ideal-de-la-semana-de-la-champions\/","title":{"rendered":"Davinson S\u00e1nchez, en el equipo ideal de la semana de la Champions"},"content":{"rendered":"<p style=\"text-align: justify;\"><span style=\"font-family: helvetica, arial, sans-serif;\"><strong>Davinson S\u00e1nchez<\/strong> fue elegido por la <strong>UEFA<\/strong> como uno de los mejores jugadores de la semana en la fecha 2 de la <strong>Champions League<\/strong>.<\/span><\/p>\n<p style=\"text-align: justify;\"><span style=\"font-family: helvetica, arial, sans-serif;\">El colombiano tuvo unas de cal y otras de arena, pues tuvo algunos fallos en dos de las anotaciones del <strong>Manchester United.<\/strong> Sin embargo, se repuso y termin\u00f3 dando dos asistencias para contribuir en la victoria del <strong>Galatasaray<\/strong> ante el equipo ingl\u00e9s.<\/span><\/p>\n<p style=\"text-align: justify;\"><span style=\"font-family: helvetica, arial, sans-serif;\">En el juego, el defensa vallecaucano recibi\u00f3 un puntaje de 8.2, el m\u00e1s alto de su equipo. Por su parte, la <strong>UEFA<\/strong> le dio un 10 de valoraci\u00f3n para instalarse en el equipo de la semana.<\/span><\/p>\n<p style=\"text-align: justify;\"><span style=\"font-family: helvetica, arial, sans-serif;\">Davinson, que ha jugado tres partidos con el equipo turco, llegar\u00e1 motivado a la <strong>Selecci\u00f3n Colombia<\/strong> para los duelos ante <strong>Uruguay<\/strong> y <strong>Ecuador<\/strong>, d\u00f3nde ser\u00e1 titular y l\u00edder de la defensa ante las bajas de <strong>Jhon Lucum\u00ed y Yerry Mina.<\/strong><\/span><\/p>\n","protected":false},"excerpt":{"rendered":"<p>Davinson S\u00e1nchez fue elegido por la UEFA como uno de los mejores jugadores de la semana en la fecha 2 de la Champions League. El colombiano tuvo unas de cal y otras de arena, pues tuvo algunos fallos en dos de las anotaciones del Manchester United. Sin embargo, se repuso y termin\u00f3 dando dos asistencias [&hellip;]<\/p>\n","protected":false},"author":4,"featured_media":99791,"comment_status":"open","ping_status":"closed","sticky":false,"template":"","format":"standard","meta":{"_acf_changed":false,"footnotes":""},"categories":[4],"tags":[],"class_list":{"0":"post-99790","1":"post","2":"type-post","3":"status-publish","4":"format-standard","5":"has-post-thumbnail","7":"category-champions-league"},"acf":[],"_links":{"self":[{"href":"https:\/\/futbolhoy.co\/index.php\/wp-json\/wp\/v2\/posts\/99790","targetHints":{"allow":["GET"]}}],"collection":[{"href":"https:\/\/futbolhoy.co\/index.php\/wp-json\/wp\/v2\/posts"}],"about":[{"href":"https:\/\/futbolhoy.co\/index.php\/wp-json\/wp\/v2\/types\/post"}],"author":[{"embeddable":true,"href":"https:\/\/futbolhoy.co\/index.php\/wp-json\/wp\/v2\/users\/4"}],"replies":[{"embeddable":true,"href":"https:\/\/futbolhoy.co\/index.php\/wp-json\/wp\/v2\/comments?post=99790"}],"version-history":[{"count":1,"href":"https:\/\/futbolhoy.co\/index.php\/wp-json\/wp\/v2\/posts\/99790\/revisions"}],"predecessor-version":[{"id":99792,"href":"https:\/\/futbolhoy.co\/index.php\/wp-json\/wp\/v2\/posts\/99790\/revisions\/99792"}],"wp:featuredmedia":[{"embeddable":true,"href":"https:\/\/futbolhoy.co\/index.php\/wp-json\/wp\/v2\/media\/99791"}],"wp:attachment":[{"href":"https:\/\/futbolhoy.co\/index.php\/wp-json\/wp\/v2\/media?parent=99790"}],"wp:term":[{"taxonomy":"category","embeddable":true,"href":"https:\/\/futbolhoy.co\/index.php\/wp-json\/wp\/v2\/categories?post=99790"},{"taxonomy":"post_tag","embeddable":true,"href":"https:\/\/futbolhoy.co\/index.php\/wp-json\/wp\/v2\/tags?post=99790"}],"curies":[{"name":"wp","href":"https:\/\/api.w.org\/{rel}","templated":true}]}}