{"id":99794,"date":"2023-10-06T09:23:21","date_gmt":"2023-10-06T14:23:21","guid":{"rendered":"https:\/\/futbolhoy.co\/?p=99794"},"modified":"2023-10-06T20:32:18","modified_gmt":"2023-10-07T01:32:18","slug":"falcao-victima-de-hurto-en-espana","status":"publish","type":"post","link":"https:\/\/futbolhoy.co\/index.php\/2023\/10\/06\/falcao-victima-de-hurto-en-espana\/","title":{"rendered":"Falcao, v\u00edctima de hurto en Espa\u00f1a"},"content":{"rendered":"<p style=\"text-align: justify;\"><span style=\"font-family: helvetica, arial, sans-serif;\"><strong>Radamel Falcao Garc\u00eda<\/strong> fue v\u00edctima de hurto en su casa el pasado s\u00e1bado, cuando <strong>El Tigre<\/strong> fue decisivo al marcar de penal el gol del empate ante el <strong>Mallorca<\/strong> en la <strong>Liga Espa\u00f1ola.<\/strong><\/span><\/p>\n<p style=\"text-align: justify;\"><span style=\"font-family: helvetica, arial, sans-serif;\">El robo habr\u00eda sido cometido presuntamente por dos hombres encapuchados que ingresaron a la vivienda del futbolista colombiano, quienes se habr\u00edan llevado relojes, bolsos y otros art\u00edculos de la casa del delantero.<\/span><\/p>\n<p style=\"text-align: justify;\"><span style=\"font-family: helvetica, arial, sans-serif;\">La empleada dom\u00e9stica se percat\u00f3 de los hechos y sorprendi\u00f3 a los presuntos ladrones, quienes se dieron a la fuga y tambi\u00e9n habr\u00edan sido vistos por uno de los vigilantes de la urbanizaci\u00f3n.<\/span><\/p>\n<p style=\"text-align: justify;\"><span style=\"font-family: helvetica, arial, sans-serif;\">Los hechos est\u00e1n en materia de investigaci\u00f3n luego de que el futbolista realizara la respectiva denuncia. Se ha vuelto habitual que jugadores sufran robos de sus pertenencias en sus propias casas, pues <strong>Dani Carvajal y Rodrygo Goes, del Real Madrid<\/strong>, tambi\u00e9n fueron v\u00edctimas de atracos \u00faltimamente<\/span><\/p>\n","protected":false},"excerpt":{"rendered":"<p>Radamel Falcao Garc\u00eda fue v\u00edctima de hurto en su casa el pasado s\u00e1bado, cuando El Tigre fue decisivo al marcar de penal el gol del empate ante el Mallorca en la Liga Espa\u00f1ola. El robo habr\u00eda sido cometido presuntamente por dos hombres encapuchados que ingresaron a la vivienda del futbolista colombiano, quienes se habr\u00edan llevado [&hellip;]<\/p>\n","protected":false},"author":4,"featured_media":88566,"comment_status":"open","ping_status":"closed","sticky":false,"template":"","format":"standard","meta":{"_acf_changed":false,"footnotes":""},"categories":[418],"tags":[],"class_list":{"0":"post-99794","1":"post","2":"type-post","3":"status-publish","4":"format-standard","5":"has-post-thumbnail","7":"category-colombia"},"acf":[],"_links":{"self":[{"href":"https:\/\/futbolhoy.co\/index.php\/wp-json\/wp\/v2\/posts\/99794","targetHints":{"allow":["GET"]}}],"collection":[{"href":"https:\/\/futbolhoy.co\/index.php\/wp-json\/wp\/v2\/posts"}],"about":[{"href":"https:\/\/futbolhoy.co\/index.php\/wp-json\/wp\/v2\/types\/post"}],"author":[{"embeddable":true,"href":"https:\/\/futbolhoy.co\/index.php\/wp-json\/wp\/v2\/users\/4"}],"replies":[{"embeddable":true,"href":"https:\/\/futbolhoy.co\/index.php\/wp-json\/wp\/v2\/comments?post=99794"}],"version-history":[{"count":1,"href":"https:\/\/futbolhoy.co\/index.php\/wp-json\/wp\/v2\/posts\/99794\/revisions"}],"predecessor-version":[{"id":99795,"href":"https:\/\/futbolhoy.co\/index.php\/wp-json\/wp\/v2\/posts\/99794\/revisions\/99795"}],"wp:featuredmedia":[{"embeddable":true,"href":"https:\/\/futbolhoy.co\/index.php\/wp-json\/wp\/v2\/media\/88566"}],"wp:attachment":[{"href":"https:\/\/futbolhoy.co\/index.php\/wp-json\/wp\/v2\/media?parent=99794"}],"wp:term":[{"taxonomy":"category","embeddable":true,"href":"https:\/\/futbolhoy.co\/index.php\/wp-json\/wp\/v2\/categories?post=99794"},{"taxonomy":"post_tag","embeddable":true,"href":"https:\/\/futbolhoy.co\/index.php\/wp-json\/wp\/v2\/tags?post=99794"}],"curies":[{"name":"wp","href":"https:\/\/api.w.org\/{rel}","templated":true}]}}