{"id":99855,"date":"2023-10-08T06:00:15","date_gmt":"2023-10-08T11:00:15","guid":{"rendered":"https:\/\/futbolhoy.co\/?p=99855"},"modified":"2023-10-08T20:14:39","modified_gmt":"2023-10-09T01:14:39","slug":"nuevos-cambios-en-colombia-los-dos-jugadores-que-salen-de-la-convocatoria","status":"publish","type":"post","link":"https:\/\/futbolhoy.co\/index.php\/2023\/10\/08\/nuevos-cambios-en-colombia-los-dos-jugadores-que-salen-de-la-convocatoria\/","title":{"rendered":"Nuevos cambios en Colombia: los dos jugadores que salen de la convocatoria"},"content":{"rendered":"<p style=\"font-weight: 400; text-align: justify;\"><span style=\"font-family: helvetica, arial, sans-serif;\"><span style=\"font-weight: 400;\">La <\/span><b>Selecci\u00f3n Colombia ha ido sumando jugadores <\/b><span style=\"font-weight: 400;\">convocados para las dos fechas de Eliminatorias al <\/span><b>Mundial 2026<\/b><span style=\"font-weight: 400;\">, pero en las \u00faltimas horas la lista inicial de <\/span><b>N\u00e9stor Lorenzo<\/b><span style=\"font-weight: 400;\"> ha sufrido cambios inesperados, el primero fue la salida de <\/span><b>Daniel Mu\u00f1oz<\/b><span style=\"font-weight: 400;\">, ahora se sumaron dos m\u00e1s.\u00a0<\/span><\/span><\/p>\n<p style=\"font-weight: 400; text-align: justify;\"><span style=\"font-family: helvetica, arial, sans-serif;\"><b>Daniel Mu\u00f1oz<\/b><span style=\"font-weight: 400;\"> es el titular de la banda izquierda defensiva en la Selecci\u00f3n Colombia, por lo que se trata de una fuerte baja para el equipo de N\u00e9stor Lorenzo. En reemplazo, entr\u00f3 a la convocatoria <\/span><b>Stefan Medina<\/b><span style=\"font-weight: 400;\"> de <\/span><b>Monterrey<\/b><span style=\"font-weight: 400;\">, con la mala suerte para el t\u00e9cnico que horas despu\u00e9s se oficializ\u00f3 su salida.\u00a0<\/span><\/span><\/p>\n<p style=\"font-weight: 400; text-align: justify;\"><span style=\"font-family: helvetica, arial, sans-serif;\"><span style=\"font-weight: 400;\">En las \u00faltimas horas del s\u00e1bado la Federaci\u00f3n Colombiana inform\u00f3 que no solamente sal\u00eda de la convocatoria <\/span><b>Stefan Medina<\/b><span style=\"font-weight: 400;\">, reci\u00e9n ingresado, sino que tambi\u00e9n se le sumaba <\/span><b>Diego Valoyes<\/b><span style=\"font-weight: 400;\">, ambos por lesi\u00f3n.\u00a0<\/span><\/span><\/p>\n<p style=\"font-weight: 400; text-align: justify;\"><span style=\"font-family: helvetica, arial, sans-serif;\"><span style=\"font-weight: 400;\">Los jugadores que fueron llamados de emergencia para la concentraci\u00f3n de Colombia fueron <\/span><b>Juan David Mosquera del Portland Timbers y Leonardo Castro de Millonarios, <\/b><span style=\"font-weight: 400;\">ambos son esperados en Barranquilla lo antes posible, inform\u00f3 la FCF.\u00a0<\/span><\/span><\/p>\n<p style=\"font-weight: 400; text-align: justify;\"><span style=\"font-family: helvetica, arial, sans-serif;\"><span style=\"font-weight: 400;\">\u201cEl entrenador <\/span><b>N\u00e9stor Lorenzo, <\/b><span style=\"font-weight: 400;\">su cuerpo t\u00e9cnico y el grupo de jugadores le desean a <\/span><b>Diego Valoyes y Stefan Medina <\/b><span style=\"font-weight: 400;\">una pronta recuperaci\u00f3n, <\/span><b>esperando que en una pr\u00f3xima oportunidad<\/b><span style=\"font-weight: 400;\"> puedan hacer parte nuevamente de la Selecci\u00f3n Colombia de Mayores\u201d, escribi\u00f3 la FCF.\u00a0<\/span><\/span><\/p>\n<p style=\"font-weight: 400; text-align: justify;\"><span style=\"font-family: helvetica, arial, sans-serif;\"><span style=\"font-weight: 400;\">La <\/span><b>Selecci\u00f3n<\/b><span style=\"font-weight: 400;\"> disputar\u00e1 la fecha 3 de las <\/span><b>Eliminatorias el pr\u00f3ximo 12 de octubre <\/b><span style=\"font-weight: 400;\">en <\/span><b>Barranquilla<\/b><span style=\"font-weight: 400;\"> cuando reciba a Uruguay; posteriormente se dirigir\u00e1 a Quito para medirse con Ecuador el d\u00eda 17.\u00a0<\/span><\/span><\/p>\n<p style=\"font-weight: 400; text-align: justify;\"><span style=\"font-family: helvetica, arial, sans-serif;\"><span style=\"font-weight: 400;\">La <\/span><b>Tricolor<\/b><span style=\"font-weight: 400;\"> comenz\u00f3 su camino al Mundial 2026 con una victoria y un empate en las primeras dos fechas, que la mantienen como <\/span><b>tercera en la tabla.\u00a0<\/b><\/span><\/p>\n","protected":false},"excerpt":{"rendered":"<p>La Selecci\u00f3n Colombia ha ido sumando jugadores convocados para las dos fechas de Eliminatorias al Mundial 2026, pero en las \u00faltimas horas la lista inicial de N\u00e9stor Lorenzo ha sufrido cambios inesperados, el primero fue la salida de Daniel Mu\u00f1oz, ahora se sumaron dos m\u00e1s.\u00a0 Daniel Mu\u00f1oz es el titular de la banda izquierda defensiva [&hellip;]<\/p>\n","protected":false},"author":4,"featured_media":69533,"comment_status":"open","ping_status":"closed","sticky":false,"template":"","format":"standard","meta":{"_acf_changed":false,"footnotes":""},"categories":[418],"tags":[],"class_list":{"0":"post-99855","1":"post","2":"type-post","3":"status-publish","4":"format-standard","5":"has-post-thumbnail","7":"category-colombia"},"acf":[],"_links":{"self":[{"href":"https:\/\/futbolhoy.co\/index.php\/wp-json\/wp\/v2\/posts\/99855","targetHints":{"allow":["GET"]}}],"collection":[{"href":"https:\/\/futbolhoy.co\/index.php\/wp-json\/wp\/v2\/posts"}],"about":[{"href":"https:\/\/futbolhoy.co\/index.php\/wp-json\/wp\/v2\/types\/post"}],"author":[{"embeddable":true,"href":"https:\/\/futbolhoy.co\/index.php\/wp-json\/wp\/v2\/users\/4"}],"replies":[{"embeddable":true,"href":"https:\/\/futbolhoy.co\/index.php\/wp-json\/wp\/v2\/comments?post=99855"}],"version-history":[{"count":1,"href":"https:\/\/futbolhoy.co\/index.php\/wp-json\/wp\/v2\/posts\/99855\/revisions"}],"predecessor-version":[{"id":99856,"href":"https:\/\/futbolhoy.co\/index.php\/wp-json\/wp\/v2\/posts\/99855\/revisions\/99856"}],"wp:featuredmedia":[{"embeddable":true,"href":"https:\/\/futbolhoy.co\/index.php\/wp-json\/wp\/v2\/media\/69533"}],"wp:attachment":[{"href":"https:\/\/futbolhoy.co\/index.php\/wp-json\/wp\/v2\/media?parent=99855"}],"wp:term":[{"taxonomy":"category","embeddable":true,"href":"https:\/\/futbolhoy.co\/index.php\/wp-json\/wp\/v2\/categories?post=99855"},{"taxonomy":"post_tag","embeddable":true,"href":"https:\/\/futbolhoy.co\/index.php\/wp-json\/wp\/v2\/tags?post=99855"}],"curies":[{"name":"wp","href":"https:\/\/api.w.org\/{rel}","templated":true}]}}