{"id":99880,"date":"2023-10-08T11:37:27","date_gmt":"2023-10-08T16:37:27","guid":{"rendered":"https:\/\/futbolhoy.co\/?p=99880"},"modified":"2023-10-08T22:26:07","modified_gmt":"2023-10-09T03:26:07","slug":"bodhert-no-va-mas-santa-fe-anuncia-la-salida-del-tecnico","status":"publish","type":"post","link":"https:\/\/futbolhoy.co\/index.php\/2023\/10\/08\/bodhert-no-va-mas-santa-fe-anuncia-la-salida-del-tecnico\/","title":{"rendered":"Bodhert no va m\u00e1s: Santa Fe anuncia la salida del t\u00e9cnico"},"content":{"rendered":"<p style=\"text-align: justify;\"><span style=\"font-family: helvetica, arial, sans-serif;\">A <strong>Santa Fe<\/strong> nada le sale bien \u00faltimamente y con la humillante goleada 0-5 de este s\u00e1bado frente a <strong>\u00c1guilas Doradas<\/strong> se cerr\u00f3 el paso de <strong>Hubert Bodhert<\/strong> como t\u00e9cnico del cuadro capitalino, tal como se confirm\u00f3 este domingo. <\/span><\/p>\n<p style=\"text-align: justify;\"><span style=\"font-family: helvetica, arial, sans-serif;\">El equipo cardenal sufri\u00f3 la dolorosa goleada por 0-5 en el partido correspondiente a la fecha 16 de la <strong>Liga BetPlay.<\/strong> Si bien el Le\u00f3n se mantiene por ahora dentro de los ocho primeros, siendo sexto con 23 puntos, en todo el semestre no ha mostrado una imagen de buen f\u00fatbol y los \u00e1nimos entre dirigencia e hinchada no podr\u00edan estar peor. <\/span><\/p>\n<p style=\"text-align: justify;\"><span style=\"font-family: helvetica, arial, sans-serif;\">Con la situaci\u00f3n as\u00ed, Santa Fe confirm\u00f3 que el t\u00e9cnico Bodhert no seguir\u00e1 al frente del equipo tras llegar a un mutuo acuerdo, algo que se ve\u00eda venir por los malos resultados, sin dejar de lado la reciente eliminaci\u00f3n de la Copa Colombia a manos de Deportivo Pereira en los cuartos de final. <\/span><\/p>\n<p style=\"text-align: justify;\"><strong><span style=\"font-family: helvetica, arial, sans-serif;\">Las palabras de Bodhert que no gustaron<\/span><\/strong><\/p>\n<p style=\"text-align: justify;\"><span style=\"font-family: helvetica, arial, sans-serif;\">Al mal momento deportivo se le sumaron las palabras en rueda de prensa del ahora ext\u00e9cnico, a quien muchos se\u00f1alaron por la falta de autocr\u00edtica con su equipo. <\/span><\/p>\n<p style=\"text-align: justify;\"><span style=\"font-family: helvetica, arial, sans-serif;\">\u201cHay que tomar el tiempo para reflexionar, estamos dolidos y quiz\u00e1 no se va a ver nada bien por el resultado, pero estamos tranquilos y vamos a analizar lo que se tenga que analizar\u00bb, dijo. <\/span><\/p>\n<p style=\"text-align: justify;\"><span style=\"font-family: helvetica, arial, sans-serif;\">\u201cMuchos no van a reconocer nada bueno, pero el equipo empez\u00f3 dominando y no hemos concretado. El rival fue muy eficaz\u201d, a\u00f1adi\u00f3. <\/span><\/p>\n<p style=\"text-align: justify;\"><span style=\"font-family: helvetica, arial, sans-serif;\">Ahora queda esperar c\u00f3mo ser\u00e1 el futuro del equipo bogotano, en lo que la instituci\u00f3n define qui\u00e9n ser\u00e1 el nuevo entrenador, de cara a la recta final del campeonato y donde <strong>Santa Fe<\/strong> todav\u00eda tiene opciones de avanzar a cuadrangulares semifinales.<\/span><\/p>\n","protected":false},"excerpt":{"rendered":"<p>A Santa Fe nada le sale bien \u00faltimamente y con la humillante goleada 0-5 de este s\u00e1bado frente a \u00c1guilas Doradas se cerr\u00f3 el paso de Hubert Bodhert como t\u00e9cnico del cuadro capitalino, tal como se confirm\u00f3 este domingo. El equipo cardenal sufri\u00f3 la dolorosa goleada por 0-5 en el partido correspondiente a la fecha [&hellip;]<\/p>\n","protected":false},"author":4,"featured_media":99868,"comment_status":"open","ping_status":"closed","sticky":false,"template":"","format":"standard","meta":{"_acf_changed":false,"footnotes":""},"categories":[7],"tags":[],"class_list":{"0":"post-99880","1":"post","2":"type-post","3":"status-publish","4":"format-standard","5":"has-post-thumbnail","7":"category-liga-betplay"},"acf":[],"_links":{"self":[{"href":"https:\/\/futbolhoy.co\/index.php\/wp-json\/wp\/v2\/posts\/99880","targetHints":{"allow":["GET"]}}],"collection":[{"href":"https:\/\/futbolhoy.co\/index.php\/wp-json\/wp\/v2\/posts"}],"about":[{"href":"https:\/\/futbolhoy.co\/index.php\/wp-json\/wp\/v2\/types\/post"}],"author":[{"embeddable":true,"href":"https:\/\/futbolhoy.co\/index.php\/wp-json\/wp\/v2\/users\/4"}],"replies":[{"embeddable":true,"href":"https:\/\/futbolhoy.co\/index.php\/wp-json\/wp\/v2\/comments?post=99880"}],"version-history":[{"count":1,"href":"https:\/\/futbolhoy.co\/index.php\/wp-json\/wp\/v2\/posts\/99880\/revisions"}],"predecessor-version":[{"id":99881,"href":"https:\/\/futbolhoy.co\/index.php\/wp-json\/wp\/v2\/posts\/99880\/revisions\/99881"}],"wp:featuredmedia":[{"embeddable":true,"href":"https:\/\/futbolhoy.co\/index.php\/wp-json\/wp\/v2\/media\/99868"}],"wp:attachment":[{"href":"https:\/\/futbolhoy.co\/index.php\/wp-json\/wp\/v2\/media?parent=99880"}],"wp:term":[{"taxonomy":"category","embeddable":true,"href":"https:\/\/futbolhoy.co\/index.php\/wp-json\/wp\/v2\/categories?post=99880"},{"taxonomy":"post_tag","embeddable":true,"href":"https:\/\/futbolhoy.co\/index.php\/wp-json\/wp\/v2\/tags?post=99880"}],"curies":[{"name":"wp","href":"https:\/\/api.w.org\/{rel}","templated":true}]}}