{"id":99883,"date":"2023-10-08T15:02:48","date_gmt":"2023-10-08T20:02:48","guid":{"rendered":"https:\/\/futbolhoy.co\/?p=99883"},"modified":"2023-10-09T07:35:47","modified_gmt":"2023-10-09T12:35:47","slug":"este-seria-el-nuevo-tecnico-de-santa-fe","status":"publish","type":"post","link":"https:\/\/futbolhoy.co\/index.php\/2023\/10\/08\/este-seria-el-nuevo-tecnico-de-santa-fe\/","title":{"rendered":"Este ser\u00eda el nuevo t\u00e9cnico de Santa Fe"},"content":{"rendered":"<p style=\"font-weight: 400; text-align: justify;\"><span style=\"font-family: helvetica, arial, sans-serif;\"><b>Santa Fe<\/b><span style=\"font-weight: 400;\"> se qued\u00f3 sin t\u00e9cnico este domingo luego de la dolorosa derrota 0-5 que sufri\u00f3 frente a <\/span><b>\u00c1guilas Doradas <\/b><span style=\"font-weight: 400;\">por la fecha 16 de la <\/span><b>Liga Colombiana, <\/b><span style=\"font-weight: 400;\">pero todo apunta a que las directivas ya tienen definido el nuevo entrenador.\u00a0<\/span><\/span><\/p>\n<p style=\"font-weight: 400; text-align: justify;\"><span style=\"font-family: helvetica, arial, sans-serif;\"><span style=\"font-weight: 400;\">Seg\u00fan inform\u00f3 <\/span><b>Caracol Deportes<\/b><span style=\"font-weight: 400;\">, el elegido por el presidente <\/span><b>Eduardo M\u00e9ndez es Pablo Peirano,<\/b><span style=\"font-weight: 400;\"> ex asistente t\u00e9cnico de <\/span><b>Gerardo Pelusso<\/b><span style=\"font-weight: 400;\"> en la conquista de la <\/span><b>Copa Sudamericana 2015.\u00a0<\/b><\/span><\/p>\n<p style=\"font-weight: 400; text-align: justify;\"><span style=\"font-family: helvetica, arial, sans-serif;\"><span style=\"font-weight: 400;\">Como t\u00e9cnico, Peirano ya dirigi\u00f3 a <\/span><b>Racing <\/b><span style=\"font-weight: 400;\">y <\/span><b>Danubio <\/b><span style=\"font-weight: 400;\">de <\/span><b>Uruguay<\/b><span style=\"font-weight: 400;\">, adem\u00e1s de <\/span><b>Carlos Mannucci <\/b><span style=\"font-weight: 400;\">y <\/span><b>Cusco <\/b><span style=\"font-weight: 400;\">de <\/span><b>Per\u00fa, con este \u00faltimo <\/b><span style=\"font-weight: 400;\">logr\u00f3 su \u00fanico trofeo profesional, al ganar el torneo de ascenso en el 2022.<\/span><\/span><\/p>\n<p style=\"font-weight: 400; text-align: justify;\"><span style=\"font-family: helvetica, arial, sans-serif;\"><span style=\"font-weight: 400;\">Peirano ya hab\u00eda so\u00f1ado anteriormente en Santa Fe, justo antes de que llegara <\/span><b>Hubert Bodhert<\/b><span style=\"font-weight: 400;\">. El uruguayo, sin embargo, en ese momento estaba comprometido con <\/span><b>Cusco de Per\u00fa<\/b><span style=\"font-weight: 400;\">.\u00a0<\/span><\/span><\/p>\n","protected":false},"excerpt":{"rendered":"<p>Santa Fe se qued\u00f3 sin t\u00e9cnico este domingo luego de la dolorosa derrota 0-5 que sufri\u00f3 frente a \u00c1guilas Doradas por la fecha 16 de la Liga Colombiana, pero todo apunta a que las directivas ya tienen definido el nuevo entrenador.\u00a0 Seg\u00fan inform\u00f3 Caracol Deportes, el elegido por el presidente Eduardo M\u00e9ndez es Pablo Peirano, [&hellip;]<\/p>\n","protected":false},"author":4,"featured_media":99884,"comment_status":"open","ping_status":"closed","sticky":false,"template":"","format":"standard","meta":{"_acf_changed":false,"footnotes":""},"categories":[7],"tags":[],"class_list":{"0":"post-99883","1":"post","2":"type-post","3":"status-publish","4":"format-standard","5":"has-post-thumbnail","7":"category-liga-betplay"},"acf":[],"_links":{"self":[{"href":"https:\/\/futbolhoy.co\/index.php\/wp-json\/wp\/v2\/posts\/99883","targetHints":{"allow":["GET"]}}],"collection":[{"href":"https:\/\/futbolhoy.co\/index.php\/wp-json\/wp\/v2\/posts"}],"about":[{"href":"https:\/\/futbolhoy.co\/index.php\/wp-json\/wp\/v2\/types\/post"}],"author":[{"embeddable":true,"href":"https:\/\/futbolhoy.co\/index.php\/wp-json\/wp\/v2\/users\/4"}],"replies":[{"embeddable":true,"href":"https:\/\/futbolhoy.co\/index.php\/wp-json\/wp\/v2\/comments?post=99883"}],"version-history":[{"count":1,"href":"https:\/\/futbolhoy.co\/index.php\/wp-json\/wp\/v2\/posts\/99883\/revisions"}],"predecessor-version":[{"id":99885,"href":"https:\/\/futbolhoy.co\/index.php\/wp-json\/wp\/v2\/posts\/99883\/revisions\/99885"}],"wp:featuredmedia":[{"embeddable":true,"href":"https:\/\/futbolhoy.co\/index.php\/wp-json\/wp\/v2\/media\/99884"}],"wp:attachment":[{"href":"https:\/\/futbolhoy.co\/index.php\/wp-json\/wp\/v2\/media?parent=99883"}],"wp:term":[{"taxonomy":"category","embeddable":true,"href":"https:\/\/futbolhoy.co\/index.php\/wp-json\/wp\/v2\/categories?post=99883"},{"taxonomy":"post_tag","embeddable":true,"href":"https:\/\/futbolhoy.co\/index.php\/wp-json\/wp\/v2\/tags?post=99883"}],"curies":[{"name":"wp","href":"https:\/\/api.w.org\/{rel}","templated":true}]}}