{"id":99889,"date":"2023-10-08T19:36:30","date_gmt":"2023-10-09T00:36:30","guid":{"rendered":"https:\/\/futbolhoy.co\/?p=99889"},"modified":"2023-10-09T09:24:20","modified_gmt":"2023-10-09T14:24:20","slug":"nacional-le-remonto-a-barcelona-y-avanzo-en-libertadores-femenina-santa-fe-gano-y-sigue-vivo","status":"publish","type":"post","link":"https:\/\/futbolhoy.co\/index.php\/2023\/10\/08\/nacional-le-remonto-a-barcelona-y-avanzo-en-libertadores-femenina-santa-fe-gano-y-sigue-vivo\/","title":{"rendered":"Nacional le remont\u00f3 a Barcelona y avanz\u00f3 en Libertadores Femenina; Santa Fe gan\u00f3 y sigue vivo"},"content":{"rendered":"<p style=\"text-align: justify;\"><span style=\"font-family: helvetica, arial, sans-serif;\"><strong>Atl\u00e9tico Nacional e Independiente Santa Fe<\/strong> triunfaron en la segunda fecha de la Copa Libertadores femenina que celebra en Colombia.<\/span><\/p>\n<p style=\"text-align: justify;\"><span style=\"font-family: helvetica, arial, sans-serif;\"><strong>El equipo antioque\u00f1o,<\/strong> que ca\u00eda 2-1, termin\u00f3 ganando 2-3 al Barcelona ecuatoriano, con destacada actuaci\u00f3n de la volante creativa Yorely Rinc\u00f3n.<\/span><\/p>\n<p style=\"text-align: justify;\"><span style=\"font-family: helvetica, arial, sans-serif;\">Los goles del conjunto \u2018verdolaga\u2019 fueron marcados por Karina Valencia, en dos oportunidades, a los 51 y <strong>73 minutos; y Manuela Gonz\u00e1lez a los 76.<\/strong><\/span><\/p>\n<p style=\"text-align: justify;\"><span style=\"font-family: helvetica, arial, sans-serif;\">Nacional suma seis puntos y es segundo del grupo A, con menor diferencia de gol respecto al Palmeiras, que gole\u00f3 6-0 al <strong>Caracas venezolano.<\/strong><\/span><\/p>\n<p style=\"text-align: justify;\"><span style=\"font-family: helvetica, arial, sans-serif;\">Simult\u00e1neamente, <strong>Santa Fe venci\u00f3 4-0 a Universitario de Deportes de Per\u00fa,<\/strong> con triple de <strong>Diana Celis,<\/strong> el \u00faltimo de penalti, a los 36, 49 y 58 minutos; y Daniela Garavito a los 90.<\/span><\/p>\n<p style=\"text-align: justify;\"><span style=\"font-family: helvetica, arial, sans-serif;\">En el otro juego de esta serie en la fecha, <strong>la Universidad de Chile super\u00f3 2-1 a Olimpia de Paraguay.<\/strong><\/span><\/p>\n<p style=\"text-align: justify;\"><span style=\"font-family: helvetica, arial, sans-serif;\">La \u00faltima jornada de la fase de grupos, <strong>Nacional enfrentar\u00e1 al actual campe\u00f3n Palmeiras;<\/strong> mientras que Santa Fe se medir\u00e1 con la Universidad de Chile, con la obligaci\u00f3n de ganar para avanzar a cuartos de final. Ambos partidos se llevar\u00e1n a cabo el mi\u00e9rcoles.<\/span><\/p>\n","protected":false},"excerpt":{"rendered":"<p>Atl\u00e9tico Nacional e Independiente Santa Fe triunfaron en la segunda fecha de la Copa Libertadores femenina que celebra en Colombia. El equipo antioque\u00f1o, que ca\u00eda 2-1, termin\u00f3 ganando 2-3 al Barcelona ecuatoriano, con destacada actuaci\u00f3n de la volante creativa Yorely Rinc\u00f3n. Los goles del conjunto \u2018verdolaga\u2019 fueron marcados por Karina Valencia, en dos oportunidades, a [&hellip;]<\/p>\n","protected":false},"author":4,"featured_media":99890,"comment_status":"open","ping_status":"closed","sticky":false,"template":"","format":"standard","meta":{"_acf_changed":false,"footnotes":""},"categories":[653],"tags":[],"class_list":{"0":"post-99889","1":"post","2":"type-post","3":"status-publish","4":"format-standard","5":"has-post-thumbnail","7":"category-copa-libertadores"},"acf":[],"_links":{"self":[{"href":"https:\/\/futbolhoy.co\/index.php\/wp-json\/wp\/v2\/posts\/99889","targetHints":{"allow":["GET"]}}],"collection":[{"href":"https:\/\/futbolhoy.co\/index.php\/wp-json\/wp\/v2\/posts"}],"about":[{"href":"https:\/\/futbolhoy.co\/index.php\/wp-json\/wp\/v2\/types\/post"}],"author":[{"embeddable":true,"href":"https:\/\/futbolhoy.co\/index.php\/wp-json\/wp\/v2\/users\/4"}],"replies":[{"embeddable":true,"href":"https:\/\/futbolhoy.co\/index.php\/wp-json\/wp\/v2\/comments?post=99889"}],"version-history":[{"count":1,"href":"https:\/\/futbolhoy.co\/index.php\/wp-json\/wp\/v2\/posts\/99889\/revisions"}],"predecessor-version":[{"id":99891,"href":"https:\/\/futbolhoy.co\/index.php\/wp-json\/wp\/v2\/posts\/99889\/revisions\/99891"}],"wp:featuredmedia":[{"embeddable":true,"href":"https:\/\/futbolhoy.co\/index.php\/wp-json\/wp\/v2\/media\/99890"}],"wp:attachment":[{"href":"https:\/\/futbolhoy.co\/index.php\/wp-json\/wp\/v2\/media?parent=99889"}],"wp:term":[{"taxonomy":"category","embeddable":true,"href":"https:\/\/futbolhoy.co\/index.php\/wp-json\/wp\/v2\/categories?post=99889"},{"taxonomy":"post_tag","embeddable":true,"href":"https:\/\/futbolhoy.co\/index.php\/wp-json\/wp\/v2\/tags?post=99889"}],"curies":[{"name":"wp","href":"https:\/\/api.w.org\/{rel}","templated":true}]}}