{"id":9992,"date":"2017-11-21T11:03:15","date_gmt":"2017-11-21T16:03:15","guid":{"rendered":"http:\/\/futbolhoy.co\/?p=9992"},"modified":"2017-11-21T11:03:15","modified_gmt":"2017-11-21T16:03:15","slug":"nacional-desmiente-opcion-de-david-ospina","status":"publish","type":"post","link":"https:\/\/futbolhoy.co\/index.php\/2017\/11\/21\/nacional-desmiente-opcion-de-david-ospina\/","title":{"rendered":"Nacional desmiente opci\u00f3n de David Ospina"},"content":{"rendered":"<p style=\"text-align: justify;\">El gerente deportivo de\u00a0<b>Atl\u00e9tico Nacional<\/b>,\u00a0<b>V\u00edctor Marulanda<\/b>, desminti\u00f3 las versiones de la prensa de Inglaterra, sobre una supuesta opci\u00f3n para\u00a0el portero antioque\u00f1o\u00a0<b>David Ospina<\/b>.<u><\/u><u><\/u><\/p>\n<p style=\"text-align: justify;\">Marulanda sostuvo que el club no conoce nada oficial sobre el tema y los costos no permitir\u00edan una eventual negociaci\u00f3n.<u><\/u><u><\/u><\/p>\n<p style=\"text-align: justify;\"><b>The Mirror<\/b>\u00a0asegur\u00f3, al inicio de semana, que Ospina\u00a0ofreci\u00f3 salir del Arsenal para buscar mayor continuidad, de\u00a0cara al\u00a0<b>Mundial Rusia 2018<\/b>, y la principal opci\u00f3n era Nacional de Medell\u00edn.<u><\/u><u><\/u><\/p>\n","protected":false},"excerpt":{"rendered":"<p>El gerente deportivo de\u00a0Atl\u00e9tico Nacional,\u00a0V\u00edctor Marulanda, desminti\u00f3 las versiones de la prensa de Inglaterra, sobre una supuesta opci\u00f3n para\u00a0el portero antioque\u00f1o\u00a0David Ospina. Marulanda sostuvo que el club no conoce nada oficial sobre el tema y los costos no permitir\u00edan una eventual negociaci\u00f3n. The Mirror\u00a0asegur\u00f3, al inicio de semana, que Ospina\u00a0ofreci\u00f3 salir del Arsenal para buscar [&hellip;]<\/p>\n","protected":false},"author":5,"featured_media":9990,"comment_status":"open","ping_status":"open","sticky":false,"template":"","format":"standard","meta":{"_acf_changed":false,"footnotes":""},"categories":[5,7],"tags":[205,465],"class_list":{"0":"post-9992","1":"post","2":"type-post","3":"status-publish","4":"format-standard","5":"has-post-thumbnail","7":"category-destacados","8":"category-liga-betplay","9":"tag-atletico-nacional","10":"tag-david-ospina"},"acf":[],"yoast_head":"<!-- This site is optimized with the Yoast SEO plugin v26.8 - https:\/\/yoast.com\/product\/yoast-seo-wordpress\/ -->\n<title>Nacional desmiente opci\u00f3n de David Ospina -<\/title>\n<meta name=\"robots\" content=\"index, follow, max-snippet:-1, max-image-preview:large, max-video-preview:-1\" \/>\n<link rel=\"canonical\" href=\"https:\/\/futbolhoy.co\/index.php\/2017\/11\/21\/nacional-desmiente-opcion-de-david-ospina\/\" \/>\n<meta property=\"og:locale\" content=\"es_ES\" \/>\n<meta property=\"og:type\" content=\"article\" \/>\n<meta property=\"og:title\" content=\"Nacional desmiente opci\u00f3n de David Ospina -\" \/>\n<meta property=\"og:description\" content=\"El gerente deportivo de\u00a0Atl\u00e9tico Nacional,\u00a0V\u00edctor Marulanda, desminti\u00f3 las versiones de la prensa de Inglaterra, sobre una supuesta opci\u00f3n para\u00a0el portero antioque\u00f1o\u00a0David Ospina. Marulanda sostuvo que el club no conoce nada oficial sobre el tema y los costos no permitir\u00edan una eventual negociaci\u00f3n. The Mirror\u00a0asegur\u00f3, al inicio de semana, que Ospina\u00a0ofreci\u00f3 salir del Arsenal para buscar [&hellip;]\" \/>\n<meta property=\"og:url\" content=\"https:\/\/futbolhoy.co\/index.php\/2017\/11\/21\/nacional-desmiente-opcion-de-david-ospina\/\" \/>\n<meta property=\"article:publisher\" content=\"https:\/\/www.facebook.com\/FutbolHoyCol\/\" \/>\n<meta property=\"article:published_time\" content=\"2017-11-21T16:03:15+00:00\" \/>\n<meta property=\"og:image\" content=\"https:\/\/futbolhoy.co\/wp-content\/uploads\/2017\/11\/IMG_20171121_105322.jpg\" \/>\n\t<meta property=\"og:image:width\" content=\"560\" \/>\n\t<meta property=\"og:image:height\" content=\"315\" \/>\n\t<meta property=\"og:image:type\" content=\"image\/jpeg\" \/>\n<meta name=\"author\" content=\"Laura Hern\u00e1ndez\" \/>\n<meta name=\"twitter:card\" content=\"summary_large_image\" \/>\n<meta name=\"twitter:creator\" content=\"@FutbolHoyCol\" \/>\n<meta name=\"twitter:site\" content=\"@FutbolHoyCol\" \/>\n<meta name=\"twitter:label1\" content=\"Escrito por\" \/>\n\t<meta name=\"twitter:data1\" content=\"Laura Hern\u00e1ndez\" \/>\n<script type=\"application\/ld+json\" class=\"yoast-schema-graph\">{\"@context\":\"https:\/\/schema.org\",\"@graph\":[{\"@type\":\"Article\",\"@id\":\"https:\/\/futbolhoy.co\/index.php\/2017\/11\/21\/nacional-desmiente-opcion-de-david-ospina\/#article\",\"isPartOf\":{\"@id\":\"https:\/\/futbolhoy.co\/index.php\/2017\/11\/21\/nacional-desmiente-opcion-de-david-ospina\/\"},\"author\":{\"name\":\"Laura Hern\u00e1ndez\",\"@id\":\"https:\/\/futbolhoy.co\/#\/schema\/person\/c4a353a512b127643723a34bb1812f7d\"},\"headline\":\"Nacional desmiente opci\u00f3n de David Ospina\",\"datePublished\":\"2017-11-21T16:03:15+00:00\",\"mainEntityOfPage\":{\"@id\":\"https:\/\/futbolhoy.co\/index.php\/2017\/11\/21\/nacional-desmiente-opcion-de-david-ospina\/\"},\"wordCount\":91,\"commentCount\":0,\"publisher\":{\"@id\":\"https:\/\/futbolhoy.co\/#organization\"},\"image\":{\"@id\":\"https:\/\/futbolhoy.co\/index.php\/2017\/11\/21\/nacional-desmiente-opcion-de-david-ospina\/#primaryimage\"},\"thumbnailUrl\":\"https:\/\/futbolhoy.co\/wp-content\/uploads\/2017\/11\/IMG_20171121_105322.jpg\",\"keywords\":[\"Atl\u00e9tico Nacional\",\"David ospina\"],\"articleSection\":[\"Destacados\",\"Liga BetPlay\"],\"inLanguage\":\"es\",\"potentialAction\":[{\"@type\":\"CommentAction\",\"name\":\"Comment\",\"target\":[\"https:\/\/futbolhoy.co\/index.php\/2017\/11\/21\/nacional-desmiente-opcion-de-david-ospina\/#respond\"]}]},{\"@type\":\"WebPage\",\"@id\":\"https:\/\/futbolhoy.co\/index.php\/2017\/11\/21\/nacional-desmiente-opcion-de-david-ospina\/\",\"url\":\"https:\/\/futbolhoy.co\/index.php\/2017\/11\/21\/nacional-desmiente-opcion-de-david-ospina\/\",\"name\":\"Nacional desmiente opci\u00f3n de David Ospina -\",\"isPartOf\":{\"@id\":\"https:\/\/futbolhoy.co\/#website\"},\"primaryImageOfPage\":{\"@id\":\"https:\/\/futbolhoy.co\/index.php\/2017\/11\/21\/nacional-desmiente-opcion-de-david-ospina\/#primaryimage\"},\"image\":{\"@id\":\"https:\/\/futbolhoy.co\/index.php\/2017\/11\/21\/nacional-desmiente-opcion-de-david-ospina\/#primaryimage\"},\"thumbnailUrl\":\"https:\/\/futbolhoy.co\/wp-content\/uploads\/2017\/11\/IMG_20171121_105322.jpg\",\"datePublished\":\"2017-11-21T16:03:15+00:00\",\"breadcrumb\":{\"@id\":\"https:\/\/futbolhoy.co\/index.php\/2017\/11\/21\/nacional-desmiente-opcion-de-david-ospina\/#breadcrumb\"},\"inLanguage\":\"es\",\"potentialAction\":[{\"@type\":\"ReadAction\",\"target\":[\"https:\/\/futbolhoy.co\/index.php\/2017\/11\/21\/nacional-desmiente-opcion-de-david-ospina\/\"]}]},{\"@type\":\"ImageObject\",\"inLanguage\":\"es\",\"@id\":\"https:\/\/futbolhoy.co\/index.php\/2017\/11\/21\/nacional-desmiente-opcion-de-david-ospina\/#primaryimage\",\"url\":\"https:\/\/futbolhoy.co\/wp-content\/uploads\/2017\/11\/IMG_20171121_105322.jpg\",\"contentUrl\":\"https:\/\/futbolhoy.co\/wp-content\/uploads\/2017\/11\/IMG_20171121_105322.jpg\",\"width\":560,\"height\":315},{\"@type\":\"BreadcrumbList\",\"@id\":\"https:\/\/futbolhoy.co\/index.php\/2017\/11\/21\/nacional-desmiente-opcion-de-david-ospina\/#breadcrumb\",\"itemListElement\":[{\"@type\":\"ListItem\",\"position\":1,\"name\":\"Portada\",\"item\":\"https:\/\/futbolhoy.co\/\"},{\"@type\":\"ListItem\",\"position\":2,\"name\":\"Nacional desmiente opci\u00f3n de David Ospina\"}]},{\"@type\":\"WebSite\",\"@id\":\"https:\/\/futbolhoy.co\/#website\",\"url\":\"https:\/\/futbolhoy.co\/\",\"name\":\"FutbolHoy\",\"description\":\"\",\"publisher\":{\"@id\":\"https:\/\/futbolhoy.co\/#organization\"},\"potentialAction\":[{\"@type\":\"SearchAction\",\"target\":{\"@type\":\"EntryPoint\",\"urlTemplate\":\"https:\/\/futbolhoy.co\/?s={search_term_string}\"},\"query-input\":{\"@type\":\"PropertyValueSpecification\",\"valueRequired\":true,\"valueName\":\"search_term_string\"}}],\"inLanguage\":\"es\"},{\"@type\":\"Organization\",\"@id\":\"https:\/\/futbolhoy.co\/#organization\",\"name\":\"Futbolhoy.co\",\"url\":\"https:\/\/futbolhoy.co\/\",\"logo\":{\"@type\":\"ImageObject\",\"inLanguage\":\"es\",\"@id\":\"https:\/\/futbolhoy.co\/#\/schema\/logo\/image\/\",\"url\":\"https:\/\/futbolhoy.co\/wp-content\/uploads\/2018\/08\/17426380_1906371736249227_6326180412931521141_n.jpg\",\"contentUrl\":\"https:\/\/futbolhoy.co\/wp-content\/uploads\/2018\/08\/17426380_1906371736249227_6326180412931521141_n.jpg\",\"width\":960,\"height\":960,\"caption\":\"Futbolhoy.co\"},\"image\":{\"@id\":\"https:\/\/futbolhoy.co\/#\/schema\/logo\/image\/\"},\"sameAs\":[\"https:\/\/www.facebook.com\/FutbolHoyCol\/\",\"https:\/\/x.com\/FutbolHoyCol\",\"https:\/\/www.instagram.com\/futbolhoycol\/\"]},{\"@type\":\"Person\",\"@id\":\"https:\/\/futbolhoy.co\/#\/schema\/person\/c4a353a512b127643723a34bb1812f7d\",\"name\":\"Laura Hern\u00e1ndez\",\"image\":{\"@type\":\"ImageObject\",\"inLanguage\":\"es\",\"@id\":\"https:\/\/futbolhoy.co\/#\/schema\/person\/image\/\",\"url\":\"https:\/\/secure.gravatar.com\/avatar\/d25959a15b9b293a743f99181c7cfd01?s=96&d=mm&r=g\",\"contentUrl\":\"https:\/\/secure.gravatar.com\/avatar\/d25959a15b9b293a743f99181c7cfd01?s=96&d=mm&r=g\",\"caption\":\"Laura Hern\u00e1ndez\"}}]}<\/script>\n<!-- \/ Yoast SEO plugin. -->","yoast_head_json":{"title":"Nacional desmiente opci\u00f3n de David Ospina -","robots":{"index":"index","follow":"follow","max-snippet":"max-snippet:-1","max-image-preview":"max-image-preview:large","max-video-preview":"max-video-preview:-1"},"canonical":"https:\/\/futbolhoy.co\/index.php\/2017\/11\/21\/nacional-desmiente-opcion-de-david-ospina\/","og_locale":"es_ES","og_type":"article","og_title":"Nacional desmiente opci\u00f3n de David Ospina -","og_description":"El gerente deportivo de\u00a0Atl\u00e9tico Nacional,\u00a0V\u00edctor Marulanda, desminti\u00f3 las versiones de la prensa de Inglaterra, sobre una supuesta opci\u00f3n para\u00a0el portero antioque\u00f1o\u00a0David Ospina. Marulanda sostuvo que el club no conoce nada oficial sobre el tema y los costos no permitir\u00edan una eventual negociaci\u00f3n. The Mirror\u00a0asegur\u00f3, al inicio de semana, que Ospina\u00a0ofreci\u00f3 salir del Arsenal para buscar [&hellip;]","og_url":"https:\/\/futbolhoy.co\/index.php\/2017\/11\/21\/nacional-desmiente-opcion-de-david-ospina\/","article_publisher":"https:\/\/www.facebook.com\/FutbolHoyCol\/","article_published_time":"2017-11-21T16:03:15+00:00","og_image":[{"width":560,"height":315,"url":"https:\/\/futbolhoy.co\/wp-content\/uploads\/2017\/11\/IMG_20171121_105322.jpg","type":"image\/jpeg"}],"author":"Laura Hern\u00e1ndez","twitter_card":"summary_large_image","twitter_creator":"@FutbolHoyCol","twitter_site":"@FutbolHoyCol","twitter_misc":{"Escrito por":"Laura Hern\u00e1ndez"},"schema":{"@context":"https:\/\/schema.org","@graph":[{"@type":"Article","@id":"https:\/\/futbolhoy.co\/index.php\/2017\/11\/21\/nacional-desmiente-opcion-de-david-ospina\/#article","isPartOf":{"@id":"https:\/\/futbolhoy.co\/index.php\/2017\/11\/21\/nacional-desmiente-opcion-de-david-ospina\/"},"author":{"name":"Laura Hern\u00e1ndez","@id":"https:\/\/futbolhoy.co\/#\/schema\/person\/c4a353a512b127643723a34bb1812f7d"},"headline":"Nacional desmiente opci\u00f3n de David Ospina","datePublished":"2017-11-21T16:03:15+00:00","mainEntityOfPage":{"@id":"https:\/\/futbolhoy.co\/index.php\/2017\/11\/21\/nacional-desmiente-opcion-de-david-ospina\/"},"wordCount":91,"commentCount":0,"publisher":{"@id":"https:\/\/futbolhoy.co\/#organization"},"image":{"@id":"https:\/\/futbolhoy.co\/index.php\/2017\/11\/21\/nacional-desmiente-opcion-de-david-ospina\/#primaryimage"},"thumbnailUrl":"https:\/\/futbolhoy.co\/wp-content\/uploads\/2017\/11\/IMG_20171121_105322.jpg","keywords":["Atl\u00e9tico Nacional","David ospina"],"articleSection":["Destacados","Liga BetPlay"],"inLanguage":"es","potentialAction":[{"@type":"CommentAction","name":"Comment","target":["https:\/\/futbolhoy.co\/index.php\/2017\/11\/21\/nacional-desmiente-opcion-de-david-ospina\/#respond"]}]},{"@type":"WebPage","@id":"https:\/\/futbolhoy.co\/index.php\/2017\/11\/21\/nacional-desmiente-opcion-de-david-ospina\/","url":"https:\/\/futbolhoy.co\/index.php\/2017\/11\/21\/nacional-desmiente-opcion-de-david-ospina\/","name":"Nacional desmiente opci\u00f3n de David Ospina -","isPartOf":{"@id":"https:\/\/futbolhoy.co\/#website"},"primaryImageOfPage":{"@id":"https:\/\/futbolhoy.co\/index.php\/2017\/11\/21\/nacional-desmiente-opcion-de-david-ospina\/#primaryimage"},"image":{"@id":"https:\/\/futbolhoy.co\/index.php\/2017\/11\/21\/nacional-desmiente-opcion-de-david-ospina\/#primaryimage"},"thumbnailUrl":"https:\/\/futbolhoy.co\/wp-content\/uploads\/2017\/11\/IMG_20171121_105322.jpg","datePublished":"2017-11-21T16:03:15+00:00","breadcrumb":{"@id":"https:\/\/futbolhoy.co\/index.php\/2017\/11\/21\/nacional-desmiente-opcion-de-david-ospina\/#breadcrumb"},"inLanguage":"es","potentialAction":[{"@type":"ReadAction","target":["https:\/\/futbolhoy.co\/index.php\/2017\/11\/21\/nacional-desmiente-opcion-de-david-ospina\/"]}]},{"@type":"ImageObject","inLanguage":"es","@id":"https:\/\/futbolhoy.co\/index.php\/2017\/11\/21\/nacional-desmiente-opcion-de-david-ospina\/#primaryimage","url":"https:\/\/futbolhoy.co\/wp-content\/uploads\/2017\/11\/IMG_20171121_105322.jpg","contentUrl":"https:\/\/futbolhoy.co\/wp-content\/uploads\/2017\/11\/IMG_20171121_105322.jpg","width":560,"height":315},{"@type":"BreadcrumbList","@id":"https:\/\/futbolhoy.co\/index.php\/2017\/11\/21\/nacional-desmiente-opcion-de-david-ospina\/#breadcrumb","itemListElement":[{"@type":"ListItem","position":1,"name":"Portada","item":"https:\/\/futbolhoy.co\/"},{"@type":"ListItem","position":2,"name":"Nacional desmiente opci\u00f3n de David Ospina"}]},{"@type":"WebSite","@id":"https:\/\/futbolhoy.co\/#website","url":"https:\/\/futbolhoy.co\/","name":"FutbolHoy","description":"","publisher":{"@id":"https:\/\/futbolhoy.co\/#organization"},"potentialAction":[{"@type":"SearchAction","target":{"@type":"EntryPoint","urlTemplate":"https:\/\/futbolhoy.co\/?s={search_term_string}"},"query-input":{"@type":"PropertyValueSpecification","valueRequired":true,"valueName":"search_term_string"}}],"inLanguage":"es"},{"@type":"Organization","@id":"https:\/\/futbolhoy.co\/#organization","name":"Futbolhoy.co","url":"https:\/\/futbolhoy.co\/","logo":{"@type":"ImageObject","inLanguage":"es","@id":"https:\/\/futbolhoy.co\/#\/schema\/logo\/image\/","url":"https:\/\/futbolhoy.co\/wp-content\/uploads\/2018\/08\/17426380_1906371736249227_6326180412931521141_n.jpg","contentUrl":"https:\/\/futbolhoy.co\/wp-content\/uploads\/2018\/08\/17426380_1906371736249227_6326180412931521141_n.jpg","width":960,"height":960,"caption":"Futbolhoy.co"},"image":{"@id":"https:\/\/futbolhoy.co\/#\/schema\/logo\/image\/"},"sameAs":["https:\/\/www.facebook.com\/FutbolHoyCol\/","https:\/\/x.com\/FutbolHoyCol","https:\/\/www.instagram.com\/futbolhoycol\/"]},{"@type":"Person","@id":"https:\/\/futbolhoy.co\/#\/schema\/person\/c4a353a512b127643723a34bb1812f7d","name":"Laura Hern\u00e1ndez","image":{"@type":"ImageObject","inLanguage":"es","@id":"https:\/\/futbolhoy.co\/#\/schema\/person\/image\/","url":"https:\/\/secure.gravatar.com\/avatar\/d25959a15b9b293a743f99181c7cfd01?s=96&d=mm&r=g","contentUrl":"https:\/\/secure.gravatar.com\/avatar\/d25959a15b9b293a743f99181c7cfd01?s=96&d=mm&r=g","caption":"Laura Hern\u00e1ndez"}}]}},"publishpress_future_action":{"enabled":false,"date":"2026-05-03 04:06:50","action":"change-status","newStatus":"draft","terms":[],"taxonomy":"category","extraData":[]},"publishpress_future_workflow_manual_trigger":{"enabledWorkflows":[]},"_links":{"self":[{"href":"https:\/\/futbolhoy.co\/index.php\/wp-json\/wp\/v2\/posts\/9992","targetHints":{"allow":["GET"]}}],"collection":[{"href":"https:\/\/futbolhoy.co\/index.php\/wp-json\/wp\/v2\/posts"}],"about":[{"href":"https:\/\/futbolhoy.co\/index.php\/wp-json\/wp\/v2\/types\/post"}],"author":[{"embeddable":true,"href":"https:\/\/futbolhoy.co\/index.php\/wp-json\/wp\/v2\/users\/5"}],"replies":[{"embeddable":true,"href":"https:\/\/futbolhoy.co\/index.php\/wp-json\/wp\/v2\/comments?post=9992"}],"version-history":[{"count":1,"href":"https:\/\/futbolhoy.co\/index.php\/wp-json\/wp\/v2\/posts\/9992\/revisions"}],"predecessor-version":[{"id":9993,"href":"https:\/\/futbolhoy.co\/index.php\/wp-json\/wp\/v2\/posts\/9992\/revisions\/9993"}],"wp:featuredmedia":[{"embeddable":true,"href":"https:\/\/futbolhoy.co\/index.php\/wp-json\/wp\/v2\/media\/9990"}],"wp:attachment":[{"href":"https:\/\/futbolhoy.co\/index.php\/wp-json\/wp\/v2\/media?parent=9992"}],"wp:term":[{"taxonomy":"category","embeddable":true,"href":"https:\/\/futbolhoy.co\/index.php\/wp-json\/wp\/v2\/categories?post=9992"},{"taxonomy":"post_tag","embeddable":true,"href":"https:\/\/futbolhoy.co\/index.php\/wp-json\/wp\/v2\/tags?post=9992"}],"curies":[{"name":"wp","href":"https:\/\/api.w.org\/{rel}","templated":true}]}}